{"id":26302,"date":"2011-10-26T13:44:49","date_gmt":"2011-10-26T13:44:49","guid":{"rendered":"https:\/\/obscom.intervozes.org.br\/wordpress\/?p=26302"},"modified":"2011-10-26T13:44:49","modified_gmt":"2011-10-26T13:44:49","slug":"deputado-da-parecer-contrario-a-renovacao-de-radio-fm","status":"publish","type":"post","link":"https:\/\/obscom.intervozes.org.br\/?p=26302","title":{"rendered":"Deputado d\u00e1 parecer contr\u00e1rio \u00e0 renova\u00e7\u00e3o de r\u00e1dio FM"},"content":{"rendered":"<p style=\"margin: 0cm 0cm 10pt\" class=\"padrao\">No in&iacute;cio do m&ecirc;s de outubro, o deputado Emiliano Jos&eacute; apresentou um parecer que surpreendeu quem acompanha o debate sobre as concess&otilde;es de r&aacute;dio e TV no Brasil. Baseando-se nas prerrogativas do Ato Normativo n&ordm; 1, de 2007, da Comiss&atilde;o de Ci&ecirc;ncia e Tecnologia, Comunica&ccedil;&atilde;o e Inform&aacute;tica, ele alega que faltam os documentos necess&aacute;rios para um parecer favor&aacute;vel &agrave; renova&ccedil;&atilde;o da empresa Radiodifus&atilde;o Mogiana Paulista Ltda, que possui outorga para Esp&iacute;rito Santo do Pinhal (SP). <\/p>\n<p style=\"margin: 0cm 0cm 10pt\" class=\"padrao\">De acordo com seu voto, foi publicado no Di&aacute;rio Oficial e enviado por correspond&ecirc;ncia um aviso concedendo prazo de 90 dias para que a empresa Radiodifus&atilde;o Mogiana Paulista Ltda &ldquo;encaminhasse a documenta&ccedil;&atilde;o necess&aacute;ria &agrave; aprecia&ccedil;&atilde;o da C&acirc;mara dos Deputados&rdquo;. Como os documentos n&atilde;o foram enviados, o relator definiu: &ldquo;em considera&ccedil;&atilde;o que o processo de renova&ccedil;&atilde;o ora apreciado j&aacute; vem se estendendo h&aacute; longa data nesta Casa sem que tenha havido adimpl&ecirc;ncia por parte da emissora requerente, entendemos que n&atilde;o cabe outra provid&ecirc;ncia a esta Comiss&atilde;o sen&atilde;o manifestar-se pela desaprova&ccedil;&atilde;o ao ato de renova&ccedil;&atilde;o em tela&rdquo;.<\/p>\n<p style=\"margin: 0cm 0cm 10pt\" class=\"padrao\">O Ato Normativo n&deg;1 estabelece as normas para aprecia&ccedil;&atilde;o dos atos de outorga e de renova&ccedil;&atilde;o de outorga de concess&atilde;o, permiss&atilde;o e autoriza&ccedil;&atilde;o dos servi&ccedil;os de radiodifus&atilde;o sonora e de sons e imagens. Entre os documentos exigidos para avalia&ccedil;&atilde;o est&atilde;o:<\/p>\n<ul>\n<li>\n<div class=\"padrao\" style=\"margin: 0cm 0cm 10pt\">declara&ccedil;&atilde;o da entidade de que n&atilde;o infringe as veda&ccedil;&otilde;es do &sect; 5&ordm; do art. 220 da Constitui&ccedil;&atilde;o Federal;<\/div>\n<\/li>\n<li>\n<div class=\"padrao\" style=\"margin: 0cm 0cm 10pt\">certid&atilde;o de quita&ccedil;&atilde;o ou prova de regularidade relativa &agrave; Seguridade Social; <\/div>\n<\/li>\n<li>\n<div class=\"padrao\" style=\"margin: 0cm 0cm 10pt\">certid&atilde;o de quita&ccedil;&atilde;o ou prova de regularidade relativa ao Fundo de Garantia do Tempo de Servi&ccedil;o &#8211; FGTS; <\/div>\n<\/li>\n<li>\n<div class=\"padrao\" style=\"margin: 0cm 0cm 10pt\">prova de regularidade para com a Fazenda Municipal; <\/div>\n<\/li>\n<li>\n<div class=\"padrao\" style=\"margin: 0cm 0cm 10pt\">prova de regularidade para com a Fazenda Estadual; <\/div>\n<\/li>\n<li>\n<div class=\"padrao\" style=\"margin: 0cm 0cm 10pt\">prova de regularidade para com a Fazenda Federal apresentada por meio de certid&atilde;o relativa a tributos fornecida pela Receita Federal;<\/div>\n<\/li>\n<li>\n<div class=\"MsoNormal\" style=\"margin: 0cm 0cm 10pt\"><font size=\"3\" class=\"padrao\"><span>&nbsp;<\/span>prova de regularidade para com a Fazenda Federal apresentada por meio de certid&atilde;o relativa &agrave; d&iacute;vida ativa da Uni&atilde;o, de compet&ecirc;ncia da Procuradoria Geral da Fazenda Nacional; <\/font><\/div>\n<\/li>\n<li>\n<div class=\"padrao\" style=\"margin: 0cm 0cm 10pt\">c&oacute;pia da Rela&ccedil;&atilde;o Anual de Informa&ccedil;&otilde;es Sociais &#8211; RAIS;<\/div>\n<\/li>\n<li>\n<div class=\"padrao\" style=\"margin: 0cm 0cm 10pt\">documentos atualizados revelando a composi&ccedil;&atilde;o acion&aacute;ria da emissora e eventuais altera&ccedil;&otilde;es havidas em seu contrato social durante o per&iacute;odo de vig&ecirc;ncia da outorga, ou, no caso de funda&ccedil;&atilde;o, c&oacute;pia atualizada do estatuto. <\/div>\n<\/li>\n<\/ul>\n<p style=\"margin: 0cm 0cm 10pt\" class=\"padrao\"><strong>Renova&ccedil;&otilde;es autom&aacute;ticas<\/strong><\/p>\n<p style=\"margin: 0cm 0cm 10pt\" class=\"padrao\">O caso chama aten&ccedil;&atilde;o pela&nbsp;tradi&ccedil;&atilde;o dos legisladores em&nbsp;renovar em bloco e de forma praticamente autom&aacute;tica as outorgas concedidas pelo poder executivo. A pr&aacute;tica pouco transparente dos&nbsp;parlamentares chegou a virar anedota na m&iacute;dia nacional quando no final de setembro, em apenas 3 minutos e com a presen&ccedil;a de um &uacute;nico deputado, a Comiss&atilde;o de Constitui&ccedil;&atilde;o e Justi&ccedil;a (CCJ) da C&acirc;mara aprovou 118 projetos.&nbsp; <\/p>\n<p style=\"margin: 0cm 0cm 10pt\" class=\"padrao\">&quot;O debate e a decis&atilde;o sobre a renova&ccedil;&atilde;o ou n&atilde;o de uma concess&atilde;o de r&aacute;dio e TV &eacute; uma atribui&ccedil;&atilde;o do legislativo federal e pareceres favor&aacute;veis ou contr&aacute;rios deveriam ser rotina nas Comiss&otilde;es que tratam o tema da Comunica&ccedil;&atilde;o Social no Congresso Nacional. Infelizmente, casos como o de um deputado seguir os tr&acirc;mites e apontar irregularidades &eacute; raro&quot;, avalia G&eacute;sio Passos, do Coletivo Intervozes.&nbsp;&quot;Precisamos de audi&ecirc;ncias p&uacute;blicas n&atilde;o s&oacute; para checar a regularidade da empresa, mas tamb&eacute;m para ouvir a popula&ccedil;&atilde;o da cidade em que a concess&atilde;o foi outorgada. Saber se houve bom uso, se cumpriu com as finalidades constitucionais&quot;, complementa.<\/p>\n<p style=\"margin: 0cm 0cm 10pt\" class=\"padrao\">Por estar em viagem internacional, o deputado n&atilde;o esteve presente na sess&atilde;o do dia 26\/10&nbsp;da Comiss&atilde;o de Ci&ecirc;ncia e Tecnologia, Comunica&ccedil;&atilde;o e Inform&aacute;tica que debateria o parecer. O projeto foi retirado de pauta e pode voltar na pr&oacute;xima semana.<\/p>\n","protected":false},"excerpt":{"rendered":"<p>Por falta de documenta&ccedil;&atilde;o, o deputado Emiliano Jos&eacute; votou pela n&atilde;o renova&ccedil;&atilde;o de uma emissora FM no interior de S&atilde;o Paulo. Eps&oacute;dio chama aten&ccedil;&atilde;o pela rotina de renova&ccedil;&otilde;es autom&aacute;ticas na casa<\/p>\n","protected":false},"author":1,"featured_media":0,"comment_status":"open","ping_status":"open","sticky":false,"template":"","format":"standard","meta":{"footnotes":""},"categories":[40],"tags":[106],"_links":{"self":[{"href":"https:\/\/obscom.intervozes.org.br\/index.php?rest_route=\/wp\/v2\/posts\/26302"}],"collection":[{"href":"https:\/\/obscom.intervozes.org.br\/index.php?rest_route=\/wp\/v2\/posts"}],"about":[{"href":"https:\/\/obscom.intervozes.org.br\/index.php?rest_route=\/wp\/v2\/types\/post"}],"author":[{"embeddable":true,"href":"https:\/\/obscom.intervozes.org.br\/index.php?rest_route=\/wp\/v2\/users\/1"}],"replies":[{"embeddable":true,"href":"https:\/\/obscom.intervozes.org.br\/index.php?rest_route=%2Fwp%2Fv2%2Fcomments&post=26302"}],"version-history":[{"count":0,"href":"https:\/\/obscom.intervozes.org.br\/index.php?rest_route=\/wp\/v2\/posts\/26302\/revisions"}],"wp:attachment":[{"href":"https:\/\/obscom.intervozes.org.br\/index.php?rest_route=%2Fwp%2Fv2%2Fmedia&parent=26302"}],"wp:term":[{"taxonomy":"category","embeddable":true,"href":"https:\/\/obscom.intervozes.org.br\/index.php?rest_route=%2Fwp%2Fv2%2Fcategories&post=26302"},{"taxonomy":"post_tag","embeddable":true,"href":"https:\/\/obscom.intervozes.org.br\/index.php?rest_route=%2Fwp%2Fv2%2Ftags&post=26302"}],"curies":[{"name":"wp","href":"https:\/\/api.w.org\/{rel}","templated":true}]}}