{"id":26301,"date":"2011-10-26T11:50:14","date_gmt":"2011-10-26T11:50:14","guid":{"rendered":"https:\/\/obscom.intervozes.org.br\/wordpress\/?p=26301"},"modified":"2011-10-26T11:50:14","modified_gmt":"2011-10-26T11:50:14","slug":"no-ceara-ativistas-debatem-regulacao-na-america-latina","status":"publish","type":"post","link":"https:\/\/obscom.intervozes.org.br\/?p=26301","title":{"rendered":"No Cear\u00e1, ativistas debatem regula\u00e7\u00e3o na Am\u00e9rica Latina"},"content":{"rendered":"<p style=\"margin: 0cm 0cm 10pt\" class=\"padrao\">Com o tema &ldquo;Por um amanh&atilde; que cante: o direito &agrave; comunica&ccedil;&atilde;o na Am&eacute;rica Latina&rdquo;, foi realizado no dia 21\/10, em Fortaleza, o segundo encontro do Ciclo de Palestras Direito &agrave; Comunica&ccedil;&atilde;o: a sociedade quer discutir a sua m&iacute;dia. As experi&ecirc;ncias argentina e brasileira foram debatidas pelos palestrantes N&eacute;stor Busso e Jonas Valente. A atividade tamb&eacute;m fez parte da programa&ccedil;&atilde;o do IV Festival UFC de Cultura.<\/p>\n<p style=\"margin: 0cm 0cm 10pt\" class=\"padrao\">O argentino N&eacute;stor Busso, presidente da Federa&ccedil;&atilde;o Argentina de R&aacute;dios Comunit&aacute;rias, apresentou uma breve cronologia do processo de aprova&ccedil;&atilde;o da chamada Ley de Medios (Lei das M&iacute;dias), que regulamenta o setor de radiodifus&atilde;o na Argentina. O projeto de lei foi articulado pela Coaliz&atilde;o por uma Radiodifus&atilde;o Democr&aacute;tica e, em outubro de 2009, foi sancionado pelo governo argentino, depois de cinco anos em tramita&ccedil;&atilde;o. &ldquo;Esse debate sobre o direito &agrave; comunica&ccedil;&atilde;o est&aacute; instalado em todos os pa&iacute;ses do continente sul-americano. Quando falamos sobre direito &agrave; comunica&ccedil;&atilde;o estamos falando de um modelo de sociedade&rdquo;, disse N&eacute;stor, destacando a import&acirc;ncia da participa&ccedil;&atilde;o popular em todo o processo, que, em 2010, chegou a reunir 50 mil pessoas em uma caminhada em prol da vig&ecirc;ncia da lei.<\/p>\n<p style=\"margin: 0cm 0cm 10pt\" class=\"padrao\">A Lei das M&iacute;dias limita a forma&ccedil;&atilde;o de monop&oacute;lios e facilita a entrada de organiza&ccedil;&otilde;es n&atilde;o-governamentais, movimentos sociais, sindicatos e universidades no setor para criar igualdade de condi&ccedil;&otilde;es entre m&iacute;dia p&uacute;blica, m&iacute;dia privada com fins lucrativos e m&iacute;dia privada sem fins lucrativos. Por conta dessa reparti&ccedil;&atilde;o na propriedade das licen&ccedil;as, a Lei vem sofrendo embargos na Justi&ccedil;a por press&atilde;o das grandes empresas de comunica&ccedil;&atilde;o. &ldquo;Pensamos a comunica&ccedil;&atilde;o como um direito b&aacute;sico. Assim como o governo investe em educa&ccedil;&atilde;o e sa&uacute;de, deve investir em comunica&ccedil;&atilde;o. Os estados t&ecirc;m de assegurar esse direito, al&eacute;m da diversidade e pluralidade de vozes. E, ao mesmo tempo, impor limites aos monop&oacute;lios e oligop&oacute;lios&rdquo;, defende N&eacute;stor, afirmando que mais da metade dos pa&iacute;ses da Am&eacute;rica Latina tem o setor de comunica&ccedil;&atilde;o controlado por poucas empresas.<\/p>\n<p style=\"margin: 0cm 0cm 10pt\" class=\"padrao\"><strong>Realidade brasileira<\/strong><\/p>\n<p style=\"margin: 0cm 0cm 10pt\" class=\"padrao\">Falando sobre os desafios do Brasil para implantar o marco regulat&oacute;rio, o jornalista Jonas Valente, integrante do Intervozes e mestre em Pol&iacute;ticas de Comunica&ccedil;&atilde;o pela Universidade de Bras&iacute;lia (UnB), destacou a import&acirc;ncia de se conhecer a experi&ecirc;ncia da Argentina por representar medidas avan&ccedil;adas em rela&ccedil;&atilde;o a outros pa&iacute;ses e servir de exemplo para o Brasil. &ldquo;N&oacute;s temos uma comunica&ccedil;&atilde;o verticalizada, onde o eixo passa por apenas duas capitais do Brasil [Rio de Janeiro e S&atilde;o Paulo]. Debater comunica&ccedil;&atilde;o &eacute; fazer um debate sobre qual sociedade se quer&rdquo;, afirmou Jonas, em sintonia com o debatedor argentino.<\/p>\n<p style=\"margin: 0cm 0cm 10pt\" class=\"MsoNormal\"><font size=\"3\" class=\"padrao\">O jornalista apontou alguns &ldquo;mitos&rdquo; acerca da discuss&atilde;o sobre um novo marco regulat&oacute;rio no Brasil, como os argumentos de que h&aacute;: diversidade na m&iacute;dia brasileira; uma aproxima&ccedil;&atilde;o entre regulamenta&ccedil;&atilde;o e autoritarismo; amea&ccedil;a &agrave; liberdade das empresas; e atentado &agrave; liberdade de express&atilde;o. Em contraponto a essas alega&ccedil;&otilde;es, Jonas finalizou: &ldquo;Enquanto n&atilde;o conseguirmos desmontar o discurso de que regras s&atilde;o iguais &agrave; censura, n&atilde;o vamos vencer essa batalha. Se o povo n&atilde;o se colocar e disser o que quer dos meios de comunica&ccedil;&atilde;o, vai ser engolido por eles&rdquo;.<span>&nbsp; <\/span><\/font><\/p>\n<p style=\"margin: 0cm 0cm 10pt\" class=\"padrao\"><strong>Acesso<\/strong><\/p>\n<p style=\"margin: 0cm 0cm 10pt\" class=\"padrao\">A palestra contou com tradu&ccedil;&atilde;o de int&eacute;rpretes de L&iacute;ngua Brasileira de Sinais (Libras), cedidos pela Central Municipal de Int&eacute;rpretes e Instrutores de Libras da Prefeitura de Fortaleza. Essa iniciativa visa a tornar o debate acess&iacute;vel para as pessoas surdas. Tamb&eacute;m para aumentar o alcance da discuss&atilde;o, a palestra foi transmitida via Twitter (@diracom).<\/p>\n<p style=\"margin: 0cm 0cm 10pt\" class=\"padrao\">O Ciclo de Palestras deste ano ser&aacute; encerrado com a palestrante Carolina Ribeiro, do Coletivo Intervozes, debatendo as recentes mudan&ccedil;as no setor audiovisual a partir da aprova&ccedil;&atilde;o, em setembro, do Projeto de Lei Complementar (PLC) 116 (Lei 12.485), que prev&ecirc; a consolida&ccedil;&atilde;o das regras para a oferta de TV por assinatura. O Ciclo &eacute; uma realiza&ccedil;&atilde;o do Intervozes em parceria com a UFC atrav&eacute;s do curso de Comunica&ccedil;&atilde;o Social e da Coordenadoria da Comunica&ccedil;&atilde;o Social e Marketing Institucional.<\/p>\n<p>&nbsp;&nbsp;<\/p>\n","protected":false},"excerpt":{"rendered":"<p>Ley de Medios da Argentina e desafios para o marco regulat&oacute;rio no Brasil foram os temas debatidos no segundo Ciclo de Palestras Direito &agrave; Comunica&ccedil;&atilde;o<\/p>\n","protected":false},"author":1,"featured_media":0,"comment_status":"open","ping_status":"open","sticky":false,"template":"","format":"standard","meta":{"footnotes":""},"categories":[40],"tags":[327],"_links":{"self":[{"href":"https:\/\/obscom.intervozes.org.br\/index.php?rest_route=\/wp\/v2\/posts\/26301"}],"collection":[{"href":"https:\/\/obscom.intervozes.org.br\/index.php?rest_route=\/wp\/v2\/posts"}],"about":[{"href":"https:\/\/obscom.intervozes.org.br\/index.php?rest_route=\/wp\/v2\/types\/post"}],"author":[{"embeddable":true,"href":"https:\/\/obscom.intervozes.org.br\/index.php?rest_route=\/wp\/v2\/users\/1"}],"replies":[{"embeddable":true,"href":"https:\/\/obscom.intervozes.org.br\/index.php?rest_route=%2Fwp%2Fv2%2Fcomments&post=26301"}],"version-history":[{"count":0,"href":"https:\/\/obscom.intervozes.org.br\/index.php?rest_route=\/wp\/v2\/posts\/26301\/revisions"}],"wp:attachment":[{"href":"https:\/\/obscom.intervozes.org.br\/index.php?rest_route=%2Fwp%2Fv2%2Fmedia&parent=26301"}],"wp:term":[{"taxonomy":"category","embeddable":true,"href":"https:\/\/obscom.intervozes.org.br\/index.php?rest_route=%2Fwp%2Fv2%2Fcategories&post=26301"},{"taxonomy":"post_tag","embeddable":true,"href":"https:\/\/obscom.intervozes.org.br\/index.php?rest_route=%2Fwp%2Fv2%2Ftags&post=26301"}],"curies":[{"name":"wp","href":"https:\/\/api.w.org\/{rel}","templated":true}]}}