{"id":26297,"date":"2011-10-25T16:27:21","date_gmt":"2011-10-25T16:27:21","guid":{"rendered":"https:\/\/obscom.intervozes.org.br\/wordpress\/?p=26297"},"modified":"2011-10-25T16:27:21","modified_gmt":"2011-10-25T16:27:21","slug":"governo-prepara-mp-com-pacote-de-isencao-para-telecomunicacoes","status":"publish","type":"post","link":"https:\/\/obscom.intervozes.org.br\/?p=26297","title":{"rendered":"Governo prepara MP com pacote de isen\u00e7\u00e3o para telecomunica\u00e7\u00f5es"},"content":{"rendered":"<p class=\"padrao\"><strong>Reda&ccedil;&atilde;o &#8211; Folha de S.Paulo <\/strong><\/p>\n<p class=\"padrao\">O governo vai enviar ao Congresso Nacional nos pr&oacute;ximos 15 dias uma MP (medida provis&oacute;ria) prevendo um pacote de isen&ccedil;&atilde;o tribut&aacute;ria para o setor de telecomunica&ccedil;&otilde;es. O ministro Paulo Bernardo, (Comunica&ccedil;&otilde;es) disse ontem que ser&atilde;o reduzidos IPI (Imposto sobre Produtos Industrializados), PIS e Cofins. O objetivo, segundo ele, &eacute; elevar o investimento no setor.<\/p>\n<p>O ministro calculou que o corte poder&aacute; chegar a 25% em alguns produtos. Entre os itens beneficiados com a queda do PIS e Cofins estar&atilde;o r&aacute;dios, modens, constru&ccedil;&atilde;o de torres, dutos e fibra &oacute;tica. J&aacute; a isen&ccedil;&atilde;o de IPI valeria para a constru&ccedil;&atilde;o de redes, esta&ccedil;&otilde;es e subesta&ccedil;&otilde;es. Bernardo disse que com o pacote fiscal os investimentos do setor poder&atilde;o voltar ao patamar atingido logo ap&oacute;s a privatiza&ccedil;&atilde;o, no fim dos anos 1990. Hoje, segundo ele, as empresas aplicam perto de R$ 17 bilh&otilde;es e a meta &eacute; atingir R$ 25 bilh&otilde;es ao ano. &quot;O faturamento no primeiro semestre das empresas foi de mais de R$ 100 bilh&otilde;es e elas devem fechar o ano com um a arrecada&ccedil;&atilde;o recorde&quot;, disse o ministro.<\/p>\n<p>Segundo o ministro, para uma empresa se beneficiar da isen&ccedil;&atilde;o fiscal, por&eacute;m, ela ter&aacute; que se comprometer a investir em regi&otilde;es menos favorecidas e com cobertura de servi&ccedil;o menor. Bernardo explicou que ainda faltam alguns ajustes na MP. O documento estava sob an&aacute;lise no Minist&eacute;rio da Fazenda e chegou a sua pasta ontem. <\/p>\n","protected":false},"excerpt":{"rendered":"<p>Reda&ccedil;&atilde;o &#8211; Folha de S.Paulo O governo vai enviar ao Congresso Nacional nos pr&oacute;ximos 15 dias uma MP (medida provis&oacute;ria) prevendo um pacote de isen&ccedil;&atilde;o tribut&aacute;ria para o setor de telecomunica&ccedil;&otilde;es. O ministro Paulo Bernardo, (Comunica&ccedil;&otilde;es) disse ontem que ser&atilde;o reduzidos IPI (Imposto sobre Produtos Industrializados), PIS e Cofins. O objetivo, segundo ele, &eacute; elevar &hellip; <a href=\"https:\/\/obscom.intervozes.org.br\/?p=26297\" class=\"more-link\">Continue lendo <span class=\"screen-reader-text\">Governo prepara MP com pacote de isen\u00e7\u00e3o para telecomunica\u00e7\u00f5es<\/span> <span class=\"meta-nav\">&rarr;<\/span><\/a><\/p>\n","protected":false},"author":1,"featured_media":0,"comment_status":"open","ping_status":"open","sticky":false,"template":"","format":"standard","meta":{"footnotes":""},"categories":[39],"tags":[],"_links":{"self":[{"href":"https:\/\/obscom.intervozes.org.br\/index.php?rest_route=\/wp\/v2\/posts\/26297"}],"collection":[{"href":"https:\/\/obscom.intervozes.org.br\/index.php?rest_route=\/wp\/v2\/posts"}],"about":[{"href":"https:\/\/obscom.intervozes.org.br\/index.php?rest_route=\/wp\/v2\/types\/post"}],"author":[{"embeddable":true,"href":"https:\/\/obscom.intervozes.org.br\/index.php?rest_route=\/wp\/v2\/users\/1"}],"replies":[{"embeddable":true,"href":"https:\/\/obscom.intervozes.org.br\/index.php?rest_route=%2Fwp%2Fv2%2Fcomments&post=26297"}],"version-history":[{"count":0,"href":"https:\/\/obscom.intervozes.org.br\/index.php?rest_route=\/wp\/v2\/posts\/26297\/revisions"}],"wp:attachment":[{"href":"https:\/\/obscom.intervozes.org.br\/index.php?rest_route=%2Fwp%2Fv2%2Fmedia&parent=26297"}],"wp:term":[{"taxonomy":"category","embeddable":true,"href":"https:\/\/obscom.intervozes.org.br\/index.php?rest_route=%2Fwp%2Fv2%2Fcategories&post=26297"},{"taxonomy":"post_tag","embeddable":true,"href":"https:\/\/obscom.intervozes.org.br\/index.php?rest_route=%2Fwp%2Fv2%2Ftags&post=26297"}],"curies":[{"name":"wp","href":"https:\/\/api.w.org\/{rel}","templated":true}]}}