{"id":26281,"date":"2011-10-21T15:05:17","date_gmt":"2011-10-21T15:05:17","guid":{"rendered":"https:\/\/obscom.intervozes.org.br\/wordpress\/?p=26281"},"modified":"2014-09-07T03:02:21","modified_gmt":"2014-09-07T03:02:21","slug":"atividades-marcam-semana-pela-democratizacao-da-comunicacao","status":"publish","type":"post","link":"https:\/\/obscom.intervozes.org.br\/?p=26281","title":{"rendered":"Atividades marcam Semana pela Democratiza\u00e7\u00e3o da Comunica\u00e7\u00e3o"},"content":{"rendered":"<p><span class=\"padrao\">Organiza&ccedil;&otilde;es e movimentos sociais  realizaram atividades em diversas partes do pa&iacute;s durante a Semana pela  Democratiza&ccedil;&atilde;o da Comunica&ccedil;&atilde;o, que se encerra hoje (20). Debates,  audi&ecirc;ncias p&uacute;blicas e atos de rua pediram pelo direito &agrave; comunica&ccedil;&atilde;o.<\/span><span class=\"padrao\"><\/p>\n<p>Em Sergipe, atividades foram promovidas  para fortalecer a constru&ccedil;&atilde;o de pol&iacute;ticas p&uacute;blicas para o setor. No  interior baiano, as a&ccedil;&otilde;es tiveram a coordena&ccedil;&atilde;o do F&oacute;rum de Comunica&ccedil;&atilde;o  do Sert&atilde;o do S&atilde;o Francisco. A estrutura&ccedil;&atilde;o do Conselho Estadual de  Comunica&ccedil;&atilde;o na Bahia foi o ponto alto dos debates.<\/p>\n<p><\/span>Em S&atilde;o Paulo,  um ato p&uacute;blico na Avenida Paulista reivindicou o respeito &agrave; Constitui&ccedil;&atilde;o  Federal, pedindo pela regulamenta&ccedil;&atilde;o de artigos sobre a comunica&ccedil;&atilde;o.  &quot;Regular n&atilde;o &eacute; censura&quot;, apontava o panfleto distribu&iacute;do durante a  atividade. Cear&aacute; e Alagoas promoveram semin&aacute;rios em universidades  denunciando concentra&ccedil;&atilde;o dos meios de comunica&ccedil;&atilde;o nas m&atilde;os de poucos.<\/p>\n<p>J&aacute; a Frente Ampla pela Liberdade de Express&atilde;o no Rio de Janeiro (Fale-Rio)  promoveu um ato pol&iacute;tico-cultural no centro da capital carioca,  contando com a participa&ccedil;&atilde;o de artitas populares. Al&eacute;m disso, foi feita a  &ldquo;faxina da Rede Globo&rdquo;, na qual ativistas foram at&eacute; a porta da empresa  com vassouras, baldes, &aacute;gua e sab&atilde;o.<\/p>\n<p>Durante a Semana, organiza&ccedil;&otilde;es e movimentos sociais entregaram ao ministro das Comunica&ccedil;&otilde;es, Paulo Bernardo, uma <a href=\"http:\/\/localhost\/intervozes_direitoacomunicacao\/wordpress\/?p=25980\">Plataforma para um novo Marco Regulat&oacute;rio das Comunica&ccedil;&otilde;es no Brasil<\/a>. A reuni&atilde;o foi agendada para o 18 de outubro, Dia Mundial da Democratiza&ccedil;&atilde;o da Comunica&ccedil;&atilde;o.<\/p>\n<p>Segundo  apurou o Observat&oacute;rio do Direito &agrave; Comunica&ccedil;&atilde;o, o ministro n&atilde;o  manifestou muitas opini&otilde;es durante o encontro. Ele disse apenas que  alguns dos pontos ser&atilde;o tratados no projeto de marco regulat&oacute;rio que ir&aacute;  para o Congresso Nacional.<\/p>\n<p>Possivelmente isso s&oacute; acontecer&aacute; em  2012, j&aacute; que antes o Minist&eacute;rio das Comunica&ccedil;&otilde;es (Minicom) deve lan&ccedil;ar  um modelo de perguntas e respostas sobre o tema. Depois disso, o governo  pretende publicar uma consulta p&uacute;blica espec&iacute;fica sobre o projeto para  uma nova lei de comunica&ccedil;&atilde;o no pa&iacute;s.<\/p>\n","protected":false},"excerpt":{"rendered":"<p>Organiza&ccedil;&otilde;es e movimentos sociais realizaram atividades em diversas partes do pa&iacute;s durante a Semana pela Democratiza&ccedil;&atilde;o da Comunica&ccedil;&atilde;o, que se encerra hoje (20). Debates, audi&ecirc;ncias p&uacute;blicas e atos de rua pediram pelo direito &agrave; comunica&ccedil;&atilde;o. Em Sergipe, atividades foram promovidas para fortalecer a constru&ccedil;&atilde;o de pol&iacute;ticas p&uacute;blicas para o setor. No interior baiano, as a&ccedil;&otilde;es &hellip; <a href=\"https:\/\/obscom.intervozes.org.br\/?p=26281\" class=\"more-link\">Continue lendo <span class=\"screen-reader-text\">Atividades marcam Semana pela Democratiza\u00e7\u00e3o da Comunica\u00e7\u00e3o<\/span> <span class=\"meta-nav\">&rarr;<\/span><\/a><\/p>\n","protected":false},"author":1,"featured_media":0,"comment_status":"open","ping_status":"open","sticky":false,"template":"","format":"standard","meta":{"footnotes":""},"categories":[40],"tags":[1532],"_links":{"self":[{"href":"https:\/\/obscom.intervozes.org.br\/index.php?rest_route=\/wp\/v2\/posts\/26281"}],"collection":[{"href":"https:\/\/obscom.intervozes.org.br\/index.php?rest_route=\/wp\/v2\/posts"}],"about":[{"href":"https:\/\/obscom.intervozes.org.br\/index.php?rest_route=\/wp\/v2\/types\/post"}],"author":[{"embeddable":true,"href":"https:\/\/obscom.intervozes.org.br\/index.php?rest_route=\/wp\/v2\/users\/1"}],"replies":[{"embeddable":true,"href":"https:\/\/obscom.intervozes.org.br\/index.php?rest_route=%2Fwp%2Fv2%2Fcomments&post=26281"}],"version-history":[{"count":1,"href":"https:\/\/obscom.intervozes.org.br\/index.php?rest_route=\/wp\/v2\/posts\/26281\/revisions"}],"predecessor-version":[{"id":28275,"href":"https:\/\/obscom.intervozes.org.br\/index.php?rest_route=\/wp\/v2\/posts\/26281\/revisions\/28275"}],"wp:attachment":[{"href":"https:\/\/obscom.intervozes.org.br\/index.php?rest_route=%2Fwp%2Fv2%2Fmedia&parent=26281"}],"wp:term":[{"taxonomy":"category","embeddable":true,"href":"https:\/\/obscom.intervozes.org.br\/index.php?rest_route=%2Fwp%2Fv2%2Fcategories&post=26281"},{"taxonomy":"post_tag","embeddable":true,"href":"https:\/\/obscom.intervozes.org.br\/index.php?rest_route=%2Fwp%2Fv2%2Ftags&post=26281"}],"curies":[{"name":"wp","href":"https:\/\/api.w.org\/{rel}","templated":true}]}}