{"id":26278,"date":"2011-10-21T14:34:08","date_gmt":"2011-10-21T14:34:08","guid":{"rendered":"https:\/\/obscom.intervozes.org.br\/wordpress\/?p=26278"},"modified":"2011-10-21T14:34:08","modified_gmt":"2011-10-21T14:34:08","slug":"lindbergh-criacao-de-orgao-de-regulacao-para-direitos-autorais-e-inevitavel","status":"publish","type":"post","link":"https:\/\/obscom.intervozes.org.br\/?p=26278","title":{"rendered":"Lindbergh: cria\u00e7\u00e3o de \u00f3rg\u00e3o de regula\u00e7\u00e3o para direitos autorais \u00e9 inevit\u00e1vel"},"content":{"rendered":"<p><span class=\"padrao\">O relator da Comiss&atilde;o Parlamentar de Inqu&eacute;rito (CPI) do Escrit&oacute;rio Central de Arrecada&ccedil;&atilde;o e Distribui&ccedil;&atilde;o (Ecad), senador Lindbergh Farias (PT-RJ), afirmou nesta quinta-feira (20) que o sistema de arrecada&ccedil;&atilde;o e distribui&ccedil;&atilde;o de direitos autorais no pa&iacute;s caminha para um modelo sob supervis&atilde;o estatal. Ele adiantou que o relat&oacute;rio da CPI, com entrega prevista para a segunda de semana de novembro, dever&aacute; incluir proposta para cria&ccedil;&atilde;o de um &oacute;rg&atilde;o p&uacute;blico com essa atribui&ccedil;&atilde;o.<\/p>\n<p>As sugest&otilde;es dever&atilde;o ser encaminhadas para exame na Casa Civil, como contribui&ccedil;&atilde;o para uma nova Lei de Direitos Autorais. Independentemente do teor de anteprojeto que est&aacute; em debate no Minist&eacute;rio da Cultura, Lindbergh disse que sua vis&atilde;o em rela&ccedil;&atilde;o ao assunto corresponde &agrave; posi&ccedil;&atilde;o do governo. O senador aproveitou para pedir que as associa&ccedil;&otilde;es de autores participem do debate e apresentem sugest&otilde;es.<\/p>\n<p>&#8211; Acho que o melhor &eacute; entrar no di&aacute;logo e n&atilde;o se opor &agrave; id&eacute;ia, pois acaba piorando &#8211; disse.<\/p>\n<p>Lindbergh esclareceu que n&atilde;o se trata de defender uma interven&ccedil;&atilde;o estatal no setor, nem de sugerir mecanismos burocr&aacute;ticos. Por&eacute;m, disse que o sistema necessita de fiscaliza&ccedil;&atilde;o e acompanhamento. Lembrou que a crise no sistema financeiro internacional atual decorre de falta de regula&ccedil;&atilde;o, o que se aplica ainda a outros campos de atividade. Disse que essa vis&atilde;o &eacute; compartilhada pelo governo brasileiro.<\/p>\n<p>&#8211; Neste pa&iacute;s tem um governo com postura clara quanto a isso. Portanto, sugiram que tipo de regula&ccedil;&atilde;o pode ser adotada e como fazer &#8211; apelou.<\/p>\n<p>Al&eacute;m de investigar ind&iacute;cios de fraudes no pagamento de direitos autorais e den&uacute;ncias de atua&ccedil;&atilde;o em cartel pelas sociedades autorais, a CPI foi constitu&iacute;da para examinar a efic&aacute;cia do atual sistema, baseado na exist&ecirc;ncia de uma &uacute;nica sociedade arrecadadora &#8211; o Ecad, que re&uacute;ne nove sociedades de autores, int&eacute;rpretes e m&uacute;sicos, entre outros segmentos.<\/p>\n<p><strong>Poder para definir pre&ccedil;o<\/strong><\/span><\/p>\n<p><span class=\"padrao\">O presidente da Associa&ccedil;&atilde;o Brasileira de M&uacute;sica e Arte (Abramus), Roberto Corr&ecirc;a de Mello, e o superintendente da Uni&atilde;o Brasileira de Compositores (UBC), Jos&eacute; Ant&ocirc;nio Perdomo, n&atilde;o se manifestaram contra um &oacute;rg&atilde;o de fiscaliza&ccedil;&atilde;o. Por&eacute;m, foram enf&aacute;ticos ao condenar algumas id&eacute;ias, como retirar dos autores o poder de definir o pre&ccedil;o dos direitos sobre suas obras, um sistema em que as sociedades tenham que trabalhar com tabelas de pre&ccedil;os concorrenciais e o funcionamento de mais de uma entidade arrecadadora.<\/p>\n<p>A explica&ccedil;&atilde;o &eacute; de que o sistema atual &eacute; o &uacute;nico que permite pagar com equanimidade os direitos autorais sobre &quot;repert&oacute;rio compartilhado&quot;, ou seja, que abrangem obras com mais de um autor. Do contr&aacute;rio, conforme argumentaram, uma m&uacute;sica em que um autor fosse associado a uma sociedade e o parceiro a outra, estes poderiam receber valores diferentes pela mesma obra.<\/p>\n<p>&#8211; Essa &eacute; a intelig&ecirc;ncia do sistema brasileiro, que &eacute; a gest&atilde;o coletiva de direitos. Os pre&ccedil;os s&atilde;o uniformes para que todos compartilhem igualmente os direitos &#8211; explicou Roberto de Mello, da Abramus.<\/p>\n<p>Participaram ainda da audi&ecirc;ncia os professores Pedro Mizukami, da Funda&ccedil;&atilde;o Get&uacute;lio Vargas, e Allan Rocha Souza, da Universidade Federal do Rio de Janeiro, que atuam em pesquisas na &aacute;rea de direito autoral.<\/span><\/p>\n<p>&nbsp;<\/p>\n","protected":false},"excerpt":{"rendered":"<p>O relator da Comiss&atilde;o Parlamentar de Inqu&eacute;rito (CPI) do Escrit&oacute;rio Central de Arrecada&ccedil;&atilde;o e Distribui&ccedil;&atilde;o (Ecad), senador Lindbergh Farias (PT-RJ), afirmou nesta quinta-feira (20) que o sistema de arrecada&ccedil;&atilde;o e distribui&ccedil;&atilde;o de direitos autorais no pa&iacute;s caminha para um modelo sob supervis&atilde;o estatal. Ele adiantou que o relat&oacute;rio da CPI, com entrega prevista para a &hellip; <a href=\"https:\/\/obscom.intervozes.org.br\/?p=26278\" class=\"more-link\">Continue lendo <span class=\"screen-reader-text\">Lindbergh: cria\u00e7\u00e3o de \u00f3rg\u00e3o de regula\u00e7\u00e3o para direitos autorais \u00e9 inevit\u00e1vel<\/span> <span class=\"meta-nav\">&rarr;<\/span><\/a><\/p>\n","protected":false},"author":1,"featured_media":0,"comment_status":"open","ping_status":"open","sticky":false,"template":"","format":"standard","meta":{"footnotes":""},"categories":[40],"tags":[973],"_links":{"self":[{"href":"https:\/\/obscom.intervozes.org.br\/index.php?rest_route=\/wp\/v2\/posts\/26278"}],"collection":[{"href":"https:\/\/obscom.intervozes.org.br\/index.php?rest_route=\/wp\/v2\/posts"}],"about":[{"href":"https:\/\/obscom.intervozes.org.br\/index.php?rest_route=\/wp\/v2\/types\/post"}],"author":[{"embeddable":true,"href":"https:\/\/obscom.intervozes.org.br\/index.php?rest_route=\/wp\/v2\/users\/1"}],"replies":[{"embeddable":true,"href":"https:\/\/obscom.intervozes.org.br\/index.php?rest_route=%2Fwp%2Fv2%2Fcomments&post=26278"}],"version-history":[{"count":0,"href":"https:\/\/obscom.intervozes.org.br\/index.php?rest_route=\/wp\/v2\/posts\/26278\/revisions"}],"wp:attachment":[{"href":"https:\/\/obscom.intervozes.org.br\/index.php?rest_route=%2Fwp%2Fv2%2Fmedia&parent=26278"}],"wp:term":[{"taxonomy":"category","embeddable":true,"href":"https:\/\/obscom.intervozes.org.br\/index.php?rest_route=%2Fwp%2Fv2%2Fcategories&post=26278"},{"taxonomy":"post_tag","embeddable":true,"href":"https:\/\/obscom.intervozes.org.br\/index.php?rest_route=%2Fwp%2Fv2%2Ftags&post=26278"}],"curies":[{"name":"wp","href":"https:\/\/api.w.org\/{rel}","templated":true}]}}