{"id":26274,"date":"2011-10-20T12:55:17","date_gmt":"2011-10-20T12:55:17","guid":{"rendered":"https:\/\/obscom.intervozes.org.br\/wordpress\/?p=26274"},"modified":"2011-10-20T12:55:17","modified_gmt":"2011-10-20T12:55:17","slug":"manifestacao-por-democracia-na-midia-acontece-na-paulista","status":"publish","type":"post","link":"https:\/\/obscom.intervozes.org.br\/?p=26274","title":{"rendered":"Manifesta\u00e7\u00e3o por democracia na m\u00eddia acontece na Paulista"},"content":{"rendered":"<p><span class=\"padrao\">Nesta ter&ccedil;a-feira (18), a Avenida Paulista foi palco de uma manifesta&ccedil;&atilde;o que fez parte do Dia Mundial Pela Democratiza&ccedil;&atilde;o da Comunica&ccedil;&atilde;o. A Frente Paulista Pelo Direto &agrave; Comunica&ccedil;&atilde;o e Liberdade de Express&atilde;o (Frentex) e diversos movimentos sociais, institui&ccedil;&otilde;es, sindicatos e estudantes participaram do ato, que come&ccedil;ou ao meio-dia.<\/p>\n<p>Em tom animado, os cerca de 50 participantes vestiram &oacute;culos simb&oacute;licos, parodiando a realidade unilateral transmitida pelos grandes ve&iacute;culos de comunica&ccedil;&atilde;o, e distribu&iacute;ram panfletos para os pedestres que passavam pela avenida. Em analogia ao monop&oacute;lio da grande imprensa, o microfone do ato foi aberto ao p&uacute;blico, para todos terem o direito de se expressar.<\/p>\n<p>Segundo os manifestantes,&nbsp; o principal problema est&aacute; na concentra&ccedil;&atilde;o dos meios de comunica&ccedil;&atilde;o nas m&atilde;os de pequenos grupos, que reflete o monop&oacute;lio da informa&ccedil;&atilde;o veiculada diariamente e de fundamental import&acirc;ncia para a sociedade.<\/p>\n<p>S&atilde;o canais de televis&atilde;o, r&aacute;dios, jornais, revistas e portais reproduzindo opini&otilde;es parecidas e de acordo com interesses pr&oacute;prios. Portanto, &eacute; urgente trazermos esse debate &agrave; tona, j&aacute; que a situa&ccedil;&atilde;o &eacute; extremamente prejudicial &agrave; consolida&ccedil;&atilde;o da democracia no pa&iacute;s. E para falarmos disso, &eacute; imprescind&iacute;vel que falemos, tamb&eacute;m, de democratiza&ccedil;&atilde;o da comunica&ccedil;&atilde;o.<\/p>\n<p>Entre as principais bandeiras que o movimento levanta para democratizar a comunica&ccedil;&atilde;o est&atilde;o a luta por um novo marco regulat&oacute;rio para o setor, a regulamenta&ccedil;&atilde;o dos artigos da Constitui&ccedil;&atilde;o que tratam da comunica&ccedil;ao e defesa da liberdade na internet.<\/span><\/p>\n","protected":false},"excerpt":{"rendered":"<p>Nesta ter&ccedil;a-feira (18), a Avenida Paulista foi palco de uma manifesta&ccedil;&atilde;o que fez parte do Dia Mundial Pela Democratiza&ccedil;&atilde;o da Comunica&ccedil;&atilde;o. A Frente Paulista Pelo Direto &agrave; Comunica&ccedil;&atilde;o e Liberdade de Express&atilde;o (Frentex) e diversos movimentos sociais, institui&ccedil;&otilde;es, sindicatos e estudantes participaram do ato, que come&ccedil;ou ao meio-dia. Em tom animado, os cerca de 50 &hellip; <a href=\"https:\/\/obscom.intervozes.org.br\/?p=26274\" class=\"more-link\">Continue lendo <span class=\"screen-reader-text\">Manifesta\u00e7\u00e3o por democracia na m\u00eddia acontece na Paulista<\/span> <span class=\"meta-nav\">&rarr;<\/span><\/a><\/p>\n","protected":false},"author":1,"featured_media":0,"comment_status":"open","ping_status":"open","sticky":false,"template":"","format":"standard","meta":{"footnotes":""},"categories":[40],"tags":[1597],"_links":{"self":[{"href":"https:\/\/obscom.intervozes.org.br\/index.php?rest_route=\/wp\/v2\/posts\/26274"}],"collection":[{"href":"https:\/\/obscom.intervozes.org.br\/index.php?rest_route=\/wp\/v2\/posts"}],"about":[{"href":"https:\/\/obscom.intervozes.org.br\/index.php?rest_route=\/wp\/v2\/types\/post"}],"author":[{"embeddable":true,"href":"https:\/\/obscom.intervozes.org.br\/index.php?rest_route=\/wp\/v2\/users\/1"}],"replies":[{"embeddable":true,"href":"https:\/\/obscom.intervozes.org.br\/index.php?rest_route=%2Fwp%2Fv2%2Fcomments&post=26274"}],"version-history":[{"count":0,"href":"https:\/\/obscom.intervozes.org.br\/index.php?rest_route=\/wp\/v2\/posts\/26274\/revisions"}],"wp:attachment":[{"href":"https:\/\/obscom.intervozes.org.br\/index.php?rest_route=%2Fwp%2Fv2%2Fmedia&parent=26274"}],"wp:term":[{"taxonomy":"category","embeddable":true,"href":"https:\/\/obscom.intervozes.org.br\/index.php?rest_route=%2Fwp%2Fv2%2Fcategories&post=26274"},{"taxonomy":"post_tag","embeddable":true,"href":"https:\/\/obscom.intervozes.org.br\/index.php?rest_route=%2Fwp%2Fv2%2Ftags&post=26274"}],"curies":[{"name":"wp","href":"https:\/\/api.w.org\/{rel}","templated":true}]}}