{"id":26269,"date":"2011-10-20T12:34:27","date_gmt":"2011-10-20T12:34:27","guid":{"rendered":"https:\/\/obscom.intervozes.org.br\/wordpress\/?p=26269"},"modified":"2011-10-20T12:34:27","modified_gmt":"2011-10-20T12:34:27","slug":"minicom-diz-que-proposta-de-regulacao-da-midia-nao-tratara-do-direito-de-resposta","status":"publish","type":"post","link":"https:\/\/obscom.intervozes.org.br\/?p=26269","title":{"rendered":"MiniCom diz que proposta de regula\u00e7\u00e3o da m\u00eddia n\u00e3o tratar\u00e1 do direito de resposta"},"content":{"rendered":"<p><span class=\"padrao\"><strong>L&uacute;cia Berbert &#8211; Tele.S&iacute;ntese<\/strong><\/p>\n<p>O Minist&eacute;rio das Comunica&ccedil;&otilde;es confirmou que est&aacute; fazendo todo o poss&iacute;vel para colocar em consulta p&uacute;blica, ainda este ano, a proposta do novo marco regulat&oacute;rio da m&iacute;dia eletr&ocirc;nica. Por&eacute;m, afirma que, ao contr&aacute;rio do que afirmam os movimentos sociais, a quest&atilde;o do direito de resposta n&atilde;o ser&aacute; tratada no anteprojeto.<\/p>\n<p>O MiniCom argumenta que esse tema deve ser tratado em lei espec&iacute;fica e que em algum momento o pa&iacute;s precisar&aacute; enfrentar a quest&atilde;o. Mas n&atilde;o ser&aacute; inclu&iacute;da na proposta do marco regulat&oacute;rio, que s&oacute; trata de radiodifus&atilde;o e telecomunica&ccedil;&otilde;es.<\/p>\n<p>Em rela&ccedil;&atilde;o aos 20 pontos apresentados pelos movimentos sociais, o MiniCom disse que ser&atilde;o analisados. E informa que o in&iacute;cio da consulta p&uacute;blica depender&aacute; de um acerto interno no governo.<\/span><\/p>\n","protected":false},"excerpt":{"rendered":"<p>L&uacute;cia Berbert &#8211; Tele.S&iacute;ntese O Minist&eacute;rio das Comunica&ccedil;&otilde;es confirmou que est&aacute; fazendo todo o poss&iacute;vel para colocar em consulta p&uacute;blica, ainda este ano, a proposta do novo marco regulat&oacute;rio da m&iacute;dia eletr&ocirc;nica. Por&eacute;m, afirma que, ao contr&aacute;rio do que afirmam os movimentos sociais, a quest&atilde;o do direito de resposta n&atilde;o ser&aacute; tratada no anteprojeto. O &hellip; <a href=\"https:\/\/obscom.intervozes.org.br\/?p=26269\" class=\"more-link\">Continue lendo <span class=\"screen-reader-text\">MiniCom diz que proposta de regula\u00e7\u00e3o da m\u00eddia n\u00e3o tratar\u00e1 do direito de resposta<\/span> <span class=\"meta-nav\">&rarr;<\/span><\/a><\/p>\n","protected":false},"author":1,"featured_media":0,"comment_status":"open","ping_status":"open","sticky":false,"template":"","format":"standard","meta":{"footnotes":""},"categories":[39],"tags":[],"_links":{"self":[{"href":"https:\/\/obscom.intervozes.org.br\/index.php?rest_route=\/wp\/v2\/posts\/26269"}],"collection":[{"href":"https:\/\/obscom.intervozes.org.br\/index.php?rest_route=\/wp\/v2\/posts"}],"about":[{"href":"https:\/\/obscom.intervozes.org.br\/index.php?rest_route=\/wp\/v2\/types\/post"}],"author":[{"embeddable":true,"href":"https:\/\/obscom.intervozes.org.br\/index.php?rest_route=\/wp\/v2\/users\/1"}],"replies":[{"embeddable":true,"href":"https:\/\/obscom.intervozes.org.br\/index.php?rest_route=%2Fwp%2Fv2%2Fcomments&post=26269"}],"version-history":[{"count":0,"href":"https:\/\/obscom.intervozes.org.br\/index.php?rest_route=\/wp\/v2\/posts\/26269\/revisions"}],"wp:attachment":[{"href":"https:\/\/obscom.intervozes.org.br\/index.php?rest_route=%2Fwp%2Fv2%2Fmedia&parent=26269"}],"wp:term":[{"taxonomy":"category","embeddable":true,"href":"https:\/\/obscom.intervozes.org.br\/index.php?rest_route=%2Fwp%2Fv2%2Fcategories&post=26269"},{"taxonomy":"post_tag","embeddable":true,"href":"https:\/\/obscom.intervozes.org.br\/index.php?rest_route=%2Fwp%2Fv2%2Ftags&post=26269"}],"curies":[{"name":"wp","href":"https:\/\/api.w.org\/{rel}","templated":true}]}}