{"id":26267,"date":"2011-10-20T12:25:25","date_gmt":"2011-10-20T12:25:25","guid":{"rendered":"https:\/\/obscom.intervozes.org.br\/wordpress\/?p=26267"},"modified":"2011-10-20T12:25:25","modified_gmt":"2011-10-20T12:25:25","slug":"novos-conselheiros-devem-ser-sabatinados-dia-25-reestruturacao-da-agencia-e-prioridade","status":"publish","type":"post","link":"https:\/\/obscom.intervozes.org.br\/?p=26267","title":{"rendered":"Novos conselheiros devem ser sabatinados dia 25; reestrutura\u00e7\u00e3o da ag\u00eancia \u00e9 prioridade"},"content":{"rendered":"<p><span class=\"padrao\"><strong>Samuel Possebon &#8211; Tela Viva News<\/strong><\/p>\n<p>A Comiss&atilde;o de Infraestrutura do Senado trabalha para sabatinar e votar na pr&oacute;xima ter&ccedil;a, 25, os dois indicados para o Conselho Diretor da Anatel, Marcelo Bechara e Rodrigo Zerbone. Os relat&oacute;rios sobre a indica&ccedil;&atilde;o dos dois conselheiros deve ser lido em comiss&atilde;o nesta quinta, 20, a tempo da manifesta&ccedil;&atilde;o dos senadores. Se a sabatina acontecer dia 25 e os nomes forem aprovados na comiss&atilde;o, &eacute; bastante prov&aacute;vel que o Plen&aacute;rio do Senado vote a aprova&ccedil;&atilde;o no mesmo dia. Com isso, a perspectiva &eacute; de que a partir do dia 5 de novembro a Anatel volte a ter o conselho completo. E depois de muito tempo, essa ser&aacute; a primeira ocasi&atilde;o em que o mandato de um conselheiro expira (no caso, do embaixador Ronaldo Sardenberg) sem que a cadeira fique vaga.<\/p>\n<p><strong>Reestrutura&ccedil;&atilde;o na Anatel<\/strong><\/p>\n<p>Enquanto isso, s&atilde;o crescentes os rumores dentro da ag&ecirc;ncia sobre uma reestrutura&ccedil;&atilde;o das superintend&ecirc;ncia t&atilde;o logo o conselho esteja completo. Ainda n&atilde;o se sabe exatamente quais ser&atilde;o as novas superintend&ecirc;ncias nem quem ser&atilde;o os titulares, mas a indica&ccedil;&atilde;o pol&iacute;tica, segundo apurou este notici&aacute;rio, &eacute; que uma mudan&ccedil;a nesse sentido deve de fato acontecer. O que se espera &eacute; que o novo modelo deixe de estruturar a ag&ecirc;ncia por servi&ccedil;os e passe a atuar nas &aacute;reas fim da ag&ecirc;ncia. Assim, haveria uma superintend&ecirc;ncia de competi&ccedil;&atilde;o, uma de outorga, uma de fiscaliza&ccedil;&atilde;o, uma de competi&ccedil;&atilde;o, uma de defesa dos interesses dos usu&aacute;rios e, talvez, uma espec&iacute;fica para os servi&ccedil;os p&uacute;blicos. O que se sabe &eacute; que essa estrutura precisar&aacute; ser alterada por decreto presidencial, que passar&aacute; por consulta p&uacute;blica.<\/p>\n<p>Ao mesmo tempo, a ag&ecirc;ncia dever&aacute; rapidamente adotar um novo regimento com vistas a dar mais transpar&ecirc;ncia nos processos decis&oacute;rios e em linha com o novo decreto reestruturando a Anatel. A tend&ecirc;ncia &eacute; que apenas as mat&eacute;rias de grande repercuss&atilde;o sejam votadas em sess&atilde;o p&uacute;blica. Processos administrativos poderiam ser votados em circuito deliberativo para agilizar as reuni&otilde;es, assim como outorgas de servi&ccedil;os. Para isso, a Anatel deve alterar o dispositivo regimental que exige unanimidade para que os assuntos sejam colocados em pauta no circuito deliberativo.<\/span><\/p>\n","protected":false},"excerpt":{"rendered":"<p>Samuel Possebon &#8211; Tela Viva News A Comiss&atilde;o de Infraestrutura do Senado trabalha para sabatinar e votar na pr&oacute;xima ter&ccedil;a, 25, os dois indicados para o Conselho Diretor da Anatel, Marcelo Bechara e Rodrigo Zerbone. Os relat&oacute;rios sobre a indica&ccedil;&atilde;o dos dois conselheiros deve ser lido em comiss&atilde;o nesta quinta, 20, a tempo da manifesta&ccedil;&atilde;o &hellip; <a href=\"https:\/\/obscom.intervozes.org.br\/?p=26267\" class=\"more-link\">Continue lendo <span class=\"screen-reader-text\">Novos conselheiros devem ser sabatinados dia 25; reestrutura\u00e7\u00e3o da ag\u00eancia \u00e9 prioridade<\/span> <span class=\"meta-nav\">&rarr;<\/span><\/a><\/p>\n","protected":false},"author":1,"featured_media":0,"comment_status":"open","ping_status":"open","sticky":false,"template":"","format":"standard","meta":{"footnotes":""},"categories":[39],"tags":[],"_links":{"self":[{"href":"https:\/\/obscom.intervozes.org.br\/index.php?rest_route=\/wp\/v2\/posts\/26267"}],"collection":[{"href":"https:\/\/obscom.intervozes.org.br\/index.php?rest_route=\/wp\/v2\/posts"}],"about":[{"href":"https:\/\/obscom.intervozes.org.br\/index.php?rest_route=\/wp\/v2\/types\/post"}],"author":[{"embeddable":true,"href":"https:\/\/obscom.intervozes.org.br\/index.php?rest_route=\/wp\/v2\/users\/1"}],"replies":[{"embeddable":true,"href":"https:\/\/obscom.intervozes.org.br\/index.php?rest_route=%2Fwp%2Fv2%2Fcomments&post=26267"}],"version-history":[{"count":0,"href":"https:\/\/obscom.intervozes.org.br\/index.php?rest_route=\/wp\/v2\/posts\/26267\/revisions"}],"wp:attachment":[{"href":"https:\/\/obscom.intervozes.org.br\/index.php?rest_route=%2Fwp%2Fv2%2Fmedia&parent=26267"}],"wp:term":[{"taxonomy":"category","embeddable":true,"href":"https:\/\/obscom.intervozes.org.br\/index.php?rest_route=%2Fwp%2Fv2%2Fcategories&post=26267"},{"taxonomy":"post_tag","embeddable":true,"href":"https:\/\/obscom.intervozes.org.br\/index.php?rest_route=%2Fwp%2Fv2%2Ftags&post=26267"}],"curies":[{"name":"wp","href":"https:\/\/api.w.org\/{rel}","templated":true}]}}