{"id":26262,"date":"2011-10-19T17:09:02","date_gmt":"2011-10-19T17:09:02","guid":{"rendered":"https:\/\/obscom.intervozes.org.br\/wordpress\/?p=26262"},"modified":"2011-10-19T17:09:02","modified_gmt":"2011-10-19T17:09:02","slug":"organizacoes-apresentam-propostas-para-marco-regulatorio-a-paulo-bernardo","status":"publish","type":"post","link":"https:\/\/obscom.intervozes.org.br\/?p=26262","title":{"rendered":"Organiza\u00e7\u00f5es apresentam propostas para marco regulat\u00f3rio a Paulo Bernardo"},"content":{"rendered":"<p><span class=\"padrao\">As entidades do F&oacute;rum Nacional pela Democratiza&ccedil;&atilde;o da Comunica&ccedil;&atilde;o (FNDC) entregaram, nesta ter&ccedil;a-feira, ao ministro das Comunica&ccedil;&otilde;es, Paulo Bernardo, uma <a href=\"http:\/\/www.comunicacaodemocratica.org.br\">plataforma constru&iacute;da pela sociedade<\/a>  com propostas o novo marco regulat&oacute;rio. A reuni&atilde;o foi agendada especificamente para 18 de outubro, Dia Mundial da Democratiza&ccedil;&atilde;o da Comunica&ccedil;&atilde;o.<\/p>\n<p>Segundo apurou este Observat&oacute;rio, o ministro n&atilde;o manifestou muitas opini&otilde;es sobre a plataforma que recebeu em m&atilde;os. Ele disse apenas que alguns dos pontos ser&atilde;o tratados no projeto de marco regulat&oacute;rio que o governo pretende enviar ao Congresso. Possivelmente isso s&oacute; acontecer&aacute; no ano que vem, j&aacute; que antes o Minist&eacute;rio das Comunica&ccedil;&otilde;es (Minicom) ainda quer lan&ccedil;ar um modelo de perguntas e respostas sobre o tema e, depois disso, publicar uma consulta p&uacute;blica espec&iacute;fica sobre o projeto em si.<\/p>\n<p>O ministro disse na reuni&atilde;o que o projeto sobre o marco regulat&oacute;rio n&atilde;o saiu at&eacute; agora porque ele n&atilde;o recebeu a proposta pronta da equipe do governo Lula, coordenada pelo ex-ministro Franklin Martins. Ele tem afirmado que a proposta deve conter mudan&ccedil;as na Lei Geral de Telecomunica&ccedil;&otilde;es (LGT), de 1997, e que esse acerto tem sido dif&iacute;cil para o governo. Paulo Bernardo afirmou tamb&eacute;m que o projeto agora est&aacute; sendo avaliado por outros &oacute;rg&atilde;os do Governo Federal.<\/p>\n<p>Uma novidade sobre os planos do minist&eacute;rio para o setor foi a indica&ccedil;&atilde;o do ministro que o governo dever&aacute; propor uma regulamenta&ccedil;&atilde;o do direito de resposta, que ficou prejudicado desde a revoga&ccedil;&atilde;o da Lei de Imprensa (Lei n&deg;5.250, de 1967) pelo Supremo Tribunal Federal em 2009. Apesar de ser um dispositivo constitucional, o problema &eacute; que hoje n&atilde;o h&aacute; par&acirc;metros sobre como deve ser o direito de resposta, tornando dif&iacute;cil sua aplica&ccedil;&atilde;o. Tamb&eacute;m existem projetos no Congresso para regulamentar o mecanismo.<\/p>\n<p><strong>Movimentos<\/strong><\/p>\n<p>&ldquo;A reuni&atilde;o foi boa para retomar o di&aacute;logo com o governo e apresentar os anseios da sociedade presentes na plataforma que constru&iacute;mos&rdquo;, avalia G&eacute;sio Passos, integrante do Intervozes &ndash; Coletivo Brasil de Comunica&ccedil;&atilde;o Social. &Eacute; o que de um modo geral pensam as outras entidades do FNDC presentes a reuni&atilde;o.<\/p>\n<p>Al&eacute;m do Intervozes l&aacute; estavam a Associa&ccedil;&atilde;o Brasileira de Radiodifus&atilde;o Comunit&aacute;ria (Abra&ccedil;o), Federa&ccedil;&atilde;o dos Radialistas (Fitert),Conselho Federal de Psicologia (CFP), Central &Uacute;nica dos Trabalhadores (CUT), Associa&ccedil;&atilde;o das R&aacute;dios P&uacute;blicas do Brasil(Arpub) e Associa&ccedil;&atilde;o Nacional das Entidades de Artistas e T&eacute;cnico sem Espet&aacute;culos de Divers&otilde;es (Aneate).<\/p>\n<p>Os movimentos tamb&eacute;m querem a cria&ccedil;&atilde;o de uma mesa de di&aacute;logo permanente com o governo. Para isso, fizeram tamb&eacute;m nesta ter&ccedil;a uma reuni&atilde;o com membros da Secretaria-Geral da Presid&ecirc;ncia. O Minicom j&aacute; havia acenado com a proposta e marcado uma reuni&atilde;o com esse car&aacute;ter em julho deste ano,mas cancelou o encontro. A Secretaria-Geral, que organiza esse tipo de a&ccedil;&atilde;o dentro do governo, apoiou a proposta do FNDC.<\/p>\n<p>Embora ainda n&atilde;o exista uma mesa de di&aacute;logos permanente, o minist&eacute;rio tem demonstrado mais abertura ao di&aacute;logo que gest&otilde;es anteriores. O ministro se comprometeu a fazer uma pr&oacute;xima reuni&atilde;o com o grupo antes da plen&aacute;ria do FNDC, que acontece em S&atilde;o Paulo, nos dias 9 e10 de dezembro, e se mostrou interessado em participar do evento.<\/p>\n<p><strong>A plataforma<\/strong><\/p>\n<p>O documento apresentado pelas entidades esteve em consulta p&uacute;blica at&eacute; 7 de outubro. A sua vers&atilde;o final possui vinte diretrizes e ainda est&aacute; em <a href=\"http:\/\/www.comunicacaodemocratica.org.br\">aberto para ades&otilde;es no site<\/a>.<\/p>\n<p>O FNDC pretende fazer uma campanha para divulgar e conquistar ades&otilde;es. &ldquo;A plataforma &eacute; a demonstra&ccedil;&atilde;o da capacidade de unidade do movimento. Os 20 pontos s&atilde;o os essenciais no novo marco regulat&oacute;rio&rdquo;, enfatiza a secret&aacute;ria de Comunica&ccedil;&atilde;o da CUT, Rosane Bertotti. <\/span><\/p>\n<p>&nbsp;<\/p>\n","protected":false},"excerpt":{"rendered":"<p>Ministro recebeu documento produzido pela sociedade civil cont&eacute;ndo os 20 pontos fundamentais para a confec&ccedil;&atilde;o do novo arcabou&ccedil;o legislativo <\/p>\n","protected":false},"author":1,"featured_media":0,"comment_status":"open","ping_status":"open","sticky":false,"template":"","format":"standard","meta":{"footnotes":""},"categories":[40],"tags":[1595],"_links":{"self":[{"href":"https:\/\/obscom.intervozes.org.br\/index.php?rest_route=\/wp\/v2\/posts\/26262"}],"collection":[{"href":"https:\/\/obscom.intervozes.org.br\/index.php?rest_route=\/wp\/v2\/posts"}],"about":[{"href":"https:\/\/obscom.intervozes.org.br\/index.php?rest_route=\/wp\/v2\/types\/post"}],"author":[{"embeddable":true,"href":"https:\/\/obscom.intervozes.org.br\/index.php?rest_route=\/wp\/v2\/users\/1"}],"replies":[{"embeddable":true,"href":"https:\/\/obscom.intervozes.org.br\/index.php?rest_route=%2Fwp%2Fv2%2Fcomments&post=26262"}],"version-history":[{"count":0,"href":"https:\/\/obscom.intervozes.org.br\/index.php?rest_route=\/wp\/v2\/posts\/26262\/revisions"}],"wp:attachment":[{"href":"https:\/\/obscom.intervozes.org.br\/index.php?rest_route=%2Fwp%2Fv2%2Fmedia&parent=26262"}],"wp:term":[{"taxonomy":"category","embeddable":true,"href":"https:\/\/obscom.intervozes.org.br\/index.php?rest_route=%2Fwp%2Fv2%2Fcategories&post=26262"},{"taxonomy":"post_tag","embeddable":true,"href":"https:\/\/obscom.intervozes.org.br\/index.php?rest_route=%2Fwp%2Fv2%2Ftags&post=26262"}],"curies":[{"name":"wp","href":"https:\/\/api.w.org\/{rel}","templated":true}]}}