{"id":26260,"date":"2011-10-19T16:34:14","date_gmt":"2011-10-19T16:34:14","guid":{"rendered":"https:\/\/obscom.intervozes.org.br\/wordpress\/?p=26260"},"modified":"2011-10-19T16:34:14","modified_gmt":"2011-10-19T16:34:14","slug":"cct-do-senado-e-da-camara-aprovam-novas-audiencias-publicas","status":"publish","type":"post","link":"https:\/\/obscom.intervozes.org.br\/?p=26260","title":{"rendered":"CCT do Senado e da C\u00e2mara aprovam novas audi\u00eancias p\u00fablicas"},"content":{"rendered":"<p class=\"padrao\">As Comiss&otilde;es de Ci&ecirc;ncia e Tecnologia do Senado e da C&acirc;mara aprovaram nesta quarta-feira (19) a realiza&ccedil;&atilde;o de audi&ecirc;ncias p&uacute;blicas sobre temas ligados a sat&eacute;lites, banda larga, telefonia m&oacute;vel e inova&ccedil;&atilde;o. No Senado, a CCT aprovou requerimento do presidente da comiss&atilde;o, senador Eduardo Braga (PMDB\/AM), para realiza&ccedil;&atilde;o de audi&ecirc;ncia p&uacute;blica para debater o Programa do Sat&eacute;lite Geoestacion&aacute;rio Brasileiro, novas licita&ccedil;&otilde;es de posi&ccedil;&otilde;es orbitais e atendimento &agrave;s regi&otilde;es Norte e Nordeste do pa&iacute;s.<\/p>\n<p>Para Braga, o Brasil precisa de uma pol&iacute;tica s&oacute;lida em mat&eacute;ria de comunica&ccedil;&otilde;es e a atividade espacial brasileira deve ser inclu&iacute;da nessa pol&iacute;tica. Ele tamb&eacute;m refor&ccedil;a a necessidade de se encontrar solu&ccedil;&otilde;es para os<br \/>problemas enfrentados pela Regi&atilde;o Norte em mat&eacute;ria de telecomunica&ccedil;&otilde;es.<\/p>\n<p>Para debater o assunto, Eduardo Braga sugere as presen&ccedil;as do presidente da Anatel; do presidente da Ag&ecirc;ncia Especial Brasileira (AEB), Marco Antonio Raupp; e do secret&aacute;rio de Desenvolvimento Tecnol&oacute;gico e Inova&ccedil;&atilde;o do Minist&eacute;rio da Ci&ecirc;ncia e Tecnologia e Inova&ccedil;&atilde;o (MCTI), Ronaldo Mota.<\/p>\n<p><strong>Qualidade<\/strong><\/p>\n<p>J&aacute; a CCT da C&acirc;mara aprovou requerimento do presidente da comiss&atilde;o, deputado Bruno Ara&uacute;jo (PSDB-PE), para realiza&ccedil;&atilde;o de audi&ecirc;ncia p&uacute;blica sobre a proposta de qualidade para o Servi&ccedil;o de Comunica&ccedil;&atilde;o Multim&iacute;dia (SCM), em tramita&ccedil;&atilde;o na Anatel. Para o parlamentar, a proposta n&atilde;o est&aacute; aderente aos crit&eacute;rios de avalia&ccedil;&atilde;o verificados em outros pa&iacute;ses.<\/p>\n<p>Para essa audi&ecirc;ncia ser&atilde;o convidados o ministro das Comunica&ccedil;&otilde;es, Paulo Bernardo; o presidente da Anatel, Ronaldo Sardenberg; o diretor-executivo do SindiTelebrasil, Eduardo Levy; e as advogadas do Idec e da Proteste, respectivamente, Veridiana Alimonti e Fl&aacute;via Lef&egrave;vre.<\/p>\n<p>Foram aprovados tamb&eacute;m requerimentos para realiza&ccedil;&atilde;o de audi&ecirc;ncia p&uacute;blica sobre o Plano Nacional de Banda Larga (PNBL) e para discutir a nova pol&iacute;tica de fomento de Investimentos na &aacute;rea de inova&ccedil;&atilde;o por meio da cria&ccedil;&atilde;o do Banco Finep. As audi&ecirc;ncias ainda n&atilde;o t&ecirc;m datas marcadas.<\/p>\n<p><strong>Grupo de trabalho<\/strong><\/p>\n<p>A CCT da C&acirc;mara aprovou ainda a cria&ccedil;&atilde;o de um grupo de trabalho para acompanhamento e fiscaliza&ccedil;&atilde;o dos servi&ccedil;os prestados pelas operadoras do servi&ccedil;o m&oacute;vel pessoal. Segundo o autor da proposta, deputado Hugo Motta (PMDB-PB), j&aacute; h&aacute; muito tempo a telefonia celular &eacute; o servi&ccedil;o de comunica&ccedil;&atilde;o mais ub&iacute;quo do Pa&iacute;s, com uma teledensidade que supera um aparelho celular para cada habitante, justificando, portanto, um maior comprometimento da comiss&atilde;o em monitorar a qualidade do servi&ccedil;o que &eacute; prestado aos brasileiros.<\/p>\n","protected":false},"excerpt":{"rendered":"<p>As Comiss&otilde;es de Ci&ecirc;ncia e Tecnologia do Senado e da C&acirc;mara aprovaram nesta quarta-feira (19) a realiza&ccedil;&atilde;o de audi&ecirc;ncias p&uacute;blicas sobre temas ligados a sat&eacute;lites, banda larga, telefonia m&oacute;vel e inova&ccedil;&atilde;o. No Senado, a CCT aprovou requerimento do presidente da comiss&atilde;o, senador Eduardo Braga (PMDB\/AM), para realiza&ccedil;&atilde;o de audi&ecirc;ncia p&uacute;blica para debater o Programa do &hellip; <a href=\"https:\/\/obscom.intervozes.org.br\/?p=26260\" class=\"more-link\">Continue lendo <span class=\"screen-reader-text\">CCT do Senado e da C\u00e2mara aprovam novas audi\u00eancias p\u00fablicas<\/span> <span class=\"meta-nav\">&rarr;<\/span><\/a><\/p>\n","protected":false},"author":1,"featured_media":0,"comment_status":"open","ping_status":"open","sticky":false,"template":"","format":"standard","meta":{"footnotes":""},"categories":[40],"tags":[1091],"_links":{"self":[{"href":"https:\/\/obscom.intervozes.org.br\/index.php?rest_route=\/wp\/v2\/posts\/26260"}],"collection":[{"href":"https:\/\/obscom.intervozes.org.br\/index.php?rest_route=\/wp\/v2\/posts"}],"about":[{"href":"https:\/\/obscom.intervozes.org.br\/index.php?rest_route=\/wp\/v2\/types\/post"}],"author":[{"embeddable":true,"href":"https:\/\/obscom.intervozes.org.br\/index.php?rest_route=\/wp\/v2\/users\/1"}],"replies":[{"embeddable":true,"href":"https:\/\/obscom.intervozes.org.br\/index.php?rest_route=%2Fwp%2Fv2%2Fcomments&post=26260"}],"version-history":[{"count":0,"href":"https:\/\/obscom.intervozes.org.br\/index.php?rest_route=\/wp\/v2\/posts\/26260\/revisions"}],"wp:attachment":[{"href":"https:\/\/obscom.intervozes.org.br\/index.php?rest_route=%2Fwp%2Fv2%2Fmedia&parent=26260"}],"wp:term":[{"taxonomy":"category","embeddable":true,"href":"https:\/\/obscom.intervozes.org.br\/index.php?rest_route=%2Fwp%2Fv2%2Fcategories&post=26260"},{"taxonomy":"post_tag","embeddable":true,"href":"https:\/\/obscom.intervozes.org.br\/index.php?rest_route=%2Fwp%2Fv2%2Ftags&post=26260"}],"curies":[{"name":"wp","href":"https:\/\/api.w.org\/{rel}","templated":true}]}}