{"id":26259,"date":"2011-10-19T16:00:39","date_gmt":"2011-10-19T16:00:39","guid":{"rendered":"https:\/\/obscom.intervozes.org.br\/wordpress\/?p=26259"},"modified":"2011-10-19T16:00:39","modified_gmt":"2011-10-19T16:00:39","slug":"comissao-do-senado-escolhe-relatores-para-indicacoes-da-anatel","status":"publish","type":"post","link":"https:\/\/obscom.intervozes.org.br\/?p=26259","title":{"rendered":"Comiss\u00e3o do Senado escolhe relatores para indica\u00e7\u00f5es da Anatel"},"content":{"rendered":"<p><span class=\"padrao\"><strong>L&uacute;cia Berbert &#8211; Tele.S&iacute;ntese<\/strong><\/p>\n<p>A Comiss&atilde;o de Infraestrutura do Senado definiu, nesta ter&ccedil;a-feira (18), os relatores para as indica&ccedil;&otilde;es dos novos conselheiros da Anatel. O senador Flexa Ribeiro (PSDB-PA) vai relatar a indica&ccedil;&atilde;o do atual procurador da ag&ecirc;ncia, Marcelo Bechara, enquanto o senador Vital do Rego (PMDB-PB) dar&aacute; parecer &agrave; indica&ccedil;&atilde;o do consultor jur&iacute;dico do Minist&eacute;rio das Comunica&ccedil;&otilde;es, Rodrigo Zerbone.<\/p>\n<p>Os relat&oacute;rios ser&atilde;o apresentados j&aacute; nesta quinta-feira (20), mas as sabatinas devem acontecer apenas na pr&oacute;xima semana. Depois disso, os nomes precisar&atilde;o ser confirmados no plen&aacute;rio do Senado.<\/p>\n<p>O senador Walter Pinheiro (PT-BA), n&atilde;o v&ecirc; &oacute;bices &agrave; aprova&ccedil;&atilde;o dos nomes, mas n&atilde;o esconde sua preocupa&ccedil;&atilde;o com o futuro da Anatel. &ldquo;Sem desmerecer os indicados, o fato &eacute; que a ag&ecirc;ncia vem perdendo conhecimento t&eacute;cnico, se comparar o quadro de diretores atual com o dos primeiros anos da autarquia&rdquo;, disse.<\/p>\n<p>Para Pinheiro, &eacute; preciso pensar em uma ag&ecirc;ncia que tenha capacidade para fazer al&eacute;m da regula&ccedil;&atilde;o e fiscaliza&ccedil;&atilde;o do setor. &ldquo;&Eacute; preciso que a Anatel tenha estrutura para liderar o desenvolvimento das telecomunica&ccedil;&otilde;es no Brasil&rdquo;, disse.<\/span><\/p>\n","protected":false},"excerpt":{"rendered":"<p>L&uacute;cia Berbert &#8211; Tele.S&iacute;ntese A Comiss&atilde;o de Infraestrutura do Senado definiu, nesta ter&ccedil;a-feira (18), os relatores para as indica&ccedil;&otilde;es dos novos conselheiros da Anatel. O senador Flexa Ribeiro (PSDB-PA) vai relatar a indica&ccedil;&atilde;o do atual procurador da ag&ecirc;ncia, Marcelo Bechara, enquanto o senador Vital do Rego (PMDB-PB) dar&aacute; parecer &agrave; indica&ccedil;&atilde;o do consultor jur&iacute;dico do &hellip; <a href=\"https:\/\/obscom.intervozes.org.br\/?p=26259\" class=\"more-link\">Continue lendo <span class=\"screen-reader-text\">Comiss\u00e3o do Senado escolhe relatores para indica\u00e7\u00f5es da Anatel<\/span> <span class=\"meta-nav\">&rarr;<\/span><\/a><\/p>\n","protected":false},"author":1,"featured_media":0,"comment_status":"open","ping_status":"open","sticky":false,"template":"","format":"standard","meta":{"footnotes":""},"categories":[39],"tags":[],"_links":{"self":[{"href":"https:\/\/obscom.intervozes.org.br\/index.php?rest_route=\/wp\/v2\/posts\/26259"}],"collection":[{"href":"https:\/\/obscom.intervozes.org.br\/index.php?rest_route=\/wp\/v2\/posts"}],"about":[{"href":"https:\/\/obscom.intervozes.org.br\/index.php?rest_route=\/wp\/v2\/types\/post"}],"author":[{"embeddable":true,"href":"https:\/\/obscom.intervozes.org.br\/index.php?rest_route=\/wp\/v2\/users\/1"}],"replies":[{"embeddable":true,"href":"https:\/\/obscom.intervozes.org.br\/index.php?rest_route=%2Fwp%2Fv2%2Fcomments&post=26259"}],"version-history":[{"count":0,"href":"https:\/\/obscom.intervozes.org.br\/index.php?rest_route=\/wp\/v2\/posts\/26259\/revisions"}],"wp:attachment":[{"href":"https:\/\/obscom.intervozes.org.br\/index.php?rest_route=%2Fwp%2Fv2%2Fmedia&parent=26259"}],"wp:term":[{"taxonomy":"category","embeddable":true,"href":"https:\/\/obscom.intervozes.org.br\/index.php?rest_route=%2Fwp%2Fv2%2Fcategories&post=26259"},{"taxonomy":"post_tag","embeddable":true,"href":"https:\/\/obscom.intervozes.org.br\/index.php?rest_route=%2Fwp%2Fv2%2Ftags&post=26259"}],"curies":[{"name":"wp","href":"https:\/\/api.w.org\/{rel}","templated":true}]}}