{"id":26256,"date":"2011-10-18T15:25:03","date_gmt":"2011-10-18T15:25:03","guid":{"rendered":"https:\/\/obscom.intervozes.org.br\/wordpress\/?p=26256"},"modified":"2011-10-18T15:25:03","modified_gmt":"2011-10-18T15:25:03","slug":"ebc-admite-erro-sobre-interferencia-de-radios-comunitarias-e-livres","status":"publish","type":"post","link":"https:\/\/obscom.intervozes.org.br\/?p=26256","title":{"rendered":"EBC admite erro sobre interfer\u00eancia de r\u00e1dios comunit\u00e1rias e livres"},"content":{"rendered":"<p>A Empresa Brasileira de Comunica&ccedil;&atilde;o (EBC) reconheceu erro em mat&eacute;ria sobre r&aacute;dios comunit&aacute;rias e livres. No texto publicado na Ag&ecirc;ncia Brasil, o &ldquo;mito da interfer&ecirc;ncia&rdquo; era refor&ccedil;ado, criminalizando r&aacute;dios que lutam pelo direito &agrave; comunica&ccedil;&atilde;o.<\/p>\n<p>A reportagem falava sobre o fechamento de 153 r&aacute;dios em apenas dois meses, escutando organiza&ccedil;&otilde;es que lutam pela democratiza&ccedil;&atilde;o da comunica&ccedil;&atilde;o como a Associa&ccedil;&atilde;o Mundial de R&aacute;dios Comunit&aacute;rias (Amarc) e a Associa&ccedil;&atilde;o Brasileira de Radiodifus&atilde;o Comunit&aacute;ria (Abra&ccedil;o).<\/p>\n<p>No entanto, trazia no final, como uma esp&eacute;cie de conclus&atilde;o, um conte&uacute;do questionado por leitores e integrantes de movimentos sociais. O trecho afirmava que as emissoras, &ldquo;na tentativa de burlar o Poder P&uacute;blico&rdquo;, funcionavam em frequ&ecirc;ncias &ldquo;inadequadas&rdquo;. <\/p>\n<p>Al&eacute;m disso, refor&ccedil;ava a ideia de que as comunit&aacute;rias e livres trariam &ldquo;riscos &agrave; popula&ccedil;&atilde;o&rdquo; por interferirem na comunica&ccedil;&atilde;o de bombeiros, pol&iacute;cia e na avia&ccedil;&atilde;o. Em nota, a EBC afirmou que o trecho estava &ldquo;sem identifica&ccedil;&atilde;o de fonte e totalmente fora de contexto&rdquo;, tendo ocorrido por um erro de edi&ccedil;&atilde;o.<\/p>\n<p>Al&eacute;m de se retratar, a empresa retirou o par&aacute;grafo em quest&atilde;o. A empresa p&uacute;blica, ent&atilde;o, contextualiza a realidade das emissoras comunit&aacute;rias, dizendo que no pa&iacute;s &ldquo;alguns t&ecirc;m certos privil&eacute;gios para obter e manter concess&otilde;es enquanto outros lutam a vida inteira e n&atilde;o as conseguem&rdquo;.<\/p>\n<p>De acordo com o Centro de M&iacute;dia Independente (CMI), que deu visibilidade ao caso, o &ldquo;mito da interfer&ecirc;ncia&rdquo; &eacute; uma &ldquo;mentira criada por empresas que querem manter o monop&oacute;lio dos meios de comunica&ccedil;&atilde;o e fazem o lobbie pela repress&atilde;o&rdquo; exercida pela Ag&ecirc;ncia Nacional de Telecomunica&ccedil;&otilde;es (Anatel) e pela Pol&iacute;cia Federal.<\/p>\n","protected":false},"excerpt":{"rendered":"<p>A Empresa Brasileira de Comunica&ccedil;&atilde;o (EBC) reconheceu erro em mat&eacute;ria sobre r&aacute;dios comunit&aacute;rias e livres. No texto publicado na Ag&ecirc;ncia Brasil, o &ldquo;mito da interfer&ecirc;ncia&rdquo; era refor&ccedil;ado, criminalizando r&aacute;dios que lutam pelo direito &agrave; comunica&ccedil;&atilde;o. A reportagem falava sobre o fechamento de 153 r&aacute;dios em apenas dois meses, escutando organiza&ccedil;&otilde;es que lutam pela democratiza&ccedil;&atilde;o da &hellip; <a href=\"https:\/\/obscom.intervozes.org.br\/?p=26256\" class=\"more-link\">Continue lendo <span class=\"screen-reader-text\">EBC admite erro sobre interfer\u00eancia de r\u00e1dios comunit\u00e1rias e livres<\/span> <span class=\"meta-nav\">&rarr;<\/span><\/a><\/p>\n","protected":false},"author":1,"featured_media":0,"comment_status":"open","ping_status":"open","sticky":false,"template":"","format":"standard","meta":{"footnotes":""},"categories":[40],"tags":[271],"_links":{"self":[{"href":"https:\/\/obscom.intervozes.org.br\/index.php?rest_route=\/wp\/v2\/posts\/26256"}],"collection":[{"href":"https:\/\/obscom.intervozes.org.br\/index.php?rest_route=\/wp\/v2\/posts"}],"about":[{"href":"https:\/\/obscom.intervozes.org.br\/index.php?rest_route=\/wp\/v2\/types\/post"}],"author":[{"embeddable":true,"href":"https:\/\/obscom.intervozes.org.br\/index.php?rest_route=\/wp\/v2\/users\/1"}],"replies":[{"embeddable":true,"href":"https:\/\/obscom.intervozes.org.br\/index.php?rest_route=%2Fwp%2Fv2%2Fcomments&post=26256"}],"version-history":[{"count":0,"href":"https:\/\/obscom.intervozes.org.br\/index.php?rest_route=\/wp\/v2\/posts\/26256\/revisions"}],"wp:attachment":[{"href":"https:\/\/obscom.intervozes.org.br\/index.php?rest_route=%2Fwp%2Fv2%2Fmedia&parent=26256"}],"wp:term":[{"taxonomy":"category","embeddable":true,"href":"https:\/\/obscom.intervozes.org.br\/index.php?rest_route=%2Fwp%2Fv2%2Fcategories&post=26256"},{"taxonomy":"post_tag","embeddable":true,"href":"https:\/\/obscom.intervozes.org.br\/index.php?rest_route=%2Fwp%2Fv2%2Ftags&post=26256"}],"curies":[{"name":"wp","href":"https:\/\/api.w.org\/{rel}","templated":true}]}}