{"id":26255,"date":"2011-10-18T15:18:08","date_gmt":"2011-10-18T15:18:08","guid":{"rendered":"https:\/\/obscom.intervozes.org.br\/wordpress\/?p=26255"},"modified":"2011-10-18T15:18:08","modified_gmt":"2011-10-18T15:18:08","slug":"ministerio-atualiza-normas-de-radiodifusao-comunitaria","status":"publish","type":"post","link":"https:\/\/obscom.intervozes.org.br\/?p=26255","title":{"rendered":"Minist\u00e9rio atualiza normas de radiodifus\u00e3o comunit\u00e1ria"},"content":{"rendered":"<p><span class=\"padrao\">Saiu no Di&aacute;rio Oficial da Uni&atilde;o desta ter&ccedil;a-feira a nova portaria do Minist&eacute;rio das Comunica&ccedil;&otilde;es para regulamentar o servi&ccedil;o de radiodifus&atilde;o comunit&aacute;ria. As novas regras come&ccedil;am a valer j&aacute; no pr&oacute;ximo aviso de habilita&ccedil;&atilde;o de radcom, que vai atender a cidades em Minas Gerais e no Esp&iacute;rito Santo.<\/p>\n<p>Entre as mudan&ccedil;as implementadas, as entidades interessadas em operar o servi&ccedil;o passam a ter 60 dias para se inscrever nos avisos de habilita&ccedil;&atilde;o e o crit&eacute;rio com maior peso na contagem de pontos entre concorrentes passa a ser a manifesta&ccedil;&atilde;o de apoio de entidades comunit&aacute;rias ou associativas constitu&iacute;das h&aacute; mais de dois anos na &aacute;rea onde a r&aacute;dio vai funcionar.<\/p>\n<p>O coordenador-geral de Radiodifus&atilde;o Comunit&aacute;ria do MiniCom, Octavio Pieranti, afirma que o principal objetivo da portaria &eacute; manter as inova&ccedil;&otilde;es realizadas pelo minist&eacute;rio: &ldquo;Com as novas normas, o minist&eacute;rio espera que alguns avan&ccedil;os dessa nova gest&atilde;o passem a ficar garantidos, como toda a l&oacute;gica de divulga&ccedil;&atilde;o antecipada dos avisos de habilita&ccedil;&atilde;o e o Plano Nacional de Outorgas. Al&eacute;m disso, foram definidas algumas quest&otilde;es pouco trabalhadas como o crit&eacute;rio de renova&ccedil;&atilde;o das outorgas e a forma&ccedil;&atilde;o de redes em caso de calamidades&rdquo;, afirma.<\/p>\n<p>A portaria foi submetida &agrave; consulta p&uacute;blica em junho e recebeu mais de 300 contribui&ccedil;&otilde;es. Clique aqui para conferir a &iacute;ntegra da portaria n&ordm; 462. Veja abaixo as principais mudan&ccedil;as trazidas pela portaria.<\/p>\n<p><strong>Inova&ccedil;&otilde;es<\/strong><\/p>\n<p>Os avisos de habilita&ccedil;&atilde;o foram estendidos e passam a ter 60 dias de dura&ccedil;&atilde;o e n&atilde;o mais 45.<\/p>\n<p>Est&atilde;o regulamentados dispositivos previstos em lei como a defini&ccedil;&atilde;o de apoio cultural e a forma&ccedil;&atilde;o de redes de radiodifus&atilde;o comunit&aacute;ria em casos de calamidade p&uacute;blica.<\/p>\n<p>Os Planos Nacionais de Outorga est&atilde;o previstos na portaria. Est&aacute; definido que o MiniCom vai priorizar nos avisos de habilita&ccedil;&atilde;o a universaliza&ccedil;&atilde;o do servi&ccedil;o e o atendimento da demanda reprimida por meio dos Cadastros de Demonstra&ccedil;&atilde;o de Interesse (CDI).<\/p>\n<p>Est&atilde;o mais claros os crit&eacute;rios para renova&ccedil;&atilde;o das outorgas das r&aacute;dios comunit&aacute;rias. A portaria estabelece a documenta&ccedil;&atilde;o e os procedimentos necess&aacute;rios para que a autoriza&ccedil;&atilde;o da emissora possa ser renovada por mais 10 anos.<\/p>\n<p>O principal crit&eacute;rio para medir a representatividade de uma entidade em casos de concorr&ecirc;ncia passa a ser o n&uacute;mero de manifesta&ccedil;&otilde;es de apoio de entidades associativas ou comunit&aacute;rias constitu&iacute;das na &aacute;rea de execu&ccedil;&atilde;o do servi&ccedil;o h&aacute; mais de dois anos.<\/p>\n<p>Os abaixo-assinados n&atilde;o ser&atilde;o aceitos como manifesta&ccedil;&atilde;o de apoio. As manifesta&ccedil;&otilde;es individuais precisam ser acompanhadas de identifica&ccedil;&atilde;o na forma descrita na norma.<\/p>\n<p>S&atilde;o indicadas algumas regras para a elabora&ccedil;&atilde;o dos estatutos das entidades e &eacute; refor&ccedil;ada a necessidade de apresenta&ccedil;&atilde;o de relat&oacute;rios pelo conselho comunit&aacute;rio que acompanha a programa&ccedil;&atilde;o da r&aacute;dio.<\/p>\n<p>Nos casos de apresenta&ccedil;&atilde;o de recursos, o Minist&eacute;rio das Comunica&ccedil;&otilde;es n&atilde;o vai aceitar documentos previstos no aviso de habilita&ccedil;&atilde;o e que n&atilde;o tenham sido enviados na primeira oportunidade.<\/span><\/p>\n","protected":false},"excerpt":{"rendered":"<p>Saiu no Di&aacute;rio Oficial da Uni&atilde;o desta ter&ccedil;a-feira a nova portaria do Minist&eacute;rio das Comunica&ccedil;&otilde;es para regulamentar o servi&ccedil;o de radiodifus&atilde;o comunit&aacute;ria. As novas regras come&ccedil;am a valer j&aacute; no pr&oacute;ximo aviso de habilita&ccedil;&atilde;o de radcom, que vai atender a cidades em Minas Gerais e no Esp&iacute;rito Santo. Entre as mudan&ccedil;as implementadas, as entidades interessadas &hellip; <a href=\"https:\/\/obscom.intervozes.org.br\/?p=26255\" class=\"more-link\">Continue lendo <span class=\"screen-reader-text\">Minist\u00e9rio atualiza normas de radiodifus\u00e3o comunit\u00e1ria<\/span> <span class=\"meta-nav\">&rarr;<\/span><\/a><\/p>\n","protected":false},"author":1,"featured_media":0,"comment_status":"open","ping_status":"open","sticky":false,"template":"","format":"standard","meta":{"footnotes":""},"categories":[40],"tags":[831],"_links":{"self":[{"href":"https:\/\/obscom.intervozes.org.br\/index.php?rest_route=\/wp\/v2\/posts\/26255"}],"collection":[{"href":"https:\/\/obscom.intervozes.org.br\/index.php?rest_route=\/wp\/v2\/posts"}],"about":[{"href":"https:\/\/obscom.intervozes.org.br\/index.php?rest_route=\/wp\/v2\/types\/post"}],"author":[{"embeddable":true,"href":"https:\/\/obscom.intervozes.org.br\/index.php?rest_route=\/wp\/v2\/users\/1"}],"replies":[{"embeddable":true,"href":"https:\/\/obscom.intervozes.org.br\/index.php?rest_route=%2Fwp%2Fv2%2Fcomments&post=26255"}],"version-history":[{"count":0,"href":"https:\/\/obscom.intervozes.org.br\/index.php?rest_route=\/wp\/v2\/posts\/26255\/revisions"}],"wp:attachment":[{"href":"https:\/\/obscom.intervozes.org.br\/index.php?rest_route=%2Fwp%2Fv2%2Fmedia&parent=26255"}],"wp:term":[{"taxonomy":"category","embeddable":true,"href":"https:\/\/obscom.intervozes.org.br\/index.php?rest_route=%2Fwp%2Fv2%2Fcategories&post=26255"},{"taxonomy":"post_tag","embeddable":true,"href":"https:\/\/obscom.intervozes.org.br\/index.php?rest_route=%2Fwp%2Fv2%2Ftags&post=26255"}],"curies":[{"name":"wp","href":"https:\/\/api.w.org\/{rel}","templated":true}]}}