{"id":26253,"date":"2011-10-18T15:13:22","date_gmt":"2011-10-18T15:13:22","guid":{"rendered":"https:\/\/obscom.intervozes.org.br\/wordpress\/?p=26253"},"modified":"2011-10-18T15:13:22","modified_gmt":"2011-10-18T15:13:22","slug":"conselho-de-comunicacao-e-tema-de-debate","status":"publish","type":"post","link":"https:\/\/obscom.intervozes.org.br\/?p=26253","title":{"rendered":"Conselho de Comunica\u00e7\u00e3o \u00e9 tema de debate"},"content":{"rendered":"<p class=\"padrao\"><strong>Reda&ccedil;&atilde;o &#8211; Coletiva.net<\/strong><\/p>\n<p>Conselho de Desenvolvimento Econ&ocirc;mico e Social (CDES-RS) vai debater nesta sexta-feira, 21, na C&acirc;mara Tem&aacute;tica Cultura e Comunica&ccedil;&atilde;o, a possibilidade de criar o Conselho Estadual de Comunica&ccedil;&atilde;o. O debate ser&aacute; feito no encontro Di&aacute;logos CDES, &agrave;s 8h30, com a presen&ccedil;a de entidades e empresas da &aacute;rea, al&eacute;m da sociedade interessada em aprofundar o assunto. Os conselheiros apresentar&atilde;o uma proposta de composi&ccedil;&atilde;o, finalidade e funcionamento do grupo no audit&oacute;rio do BRDE (Rua Uruguai, 155 &#8211; 8&ordm; andar &ndash; Centro).<\/p>\n<p>Para o presidente da Federa&ccedil;&atilde;o Nacional dos Jornalistas (Fenaj), Celso Schr&ouml;der, os conselhos s&atilde;o importantes instrumentos para a democratiza&ccedil;&atilde;o da m&iacute;dia. O secret&aacute;rio-executivo do CDES-RS, Marcelo Dan&eacute;ris, destaca a import&acirc;ncia da participa&ccedil;&atilde;o da sociedade nos temas em an&aacute;lise no Conselh&atilde;o para contar com todas as contribui&ccedil;&otilde;es sobre os assuntos em pauta.<\/p>\n<p>Os Di&aacute;logos CDES s&atilde;o debates abertos &agrave; participa&ccedil;&atilde;o da sociedade civil e t&ecirc;m o objetivo de promover a escuta e a troca de ideias sobre temas relativos ao desenvolvimento econ&ocirc;mico e social do Rio Grande do Sul.<\/p>\n","protected":false},"excerpt":{"rendered":"<p>Reda&ccedil;&atilde;o &#8211; Coletiva.net Conselho de Desenvolvimento Econ&ocirc;mico e Social (CDES-RS) vai debater nesta sexta-feira, 21, na C&acirc;mara Tem&aacute;tica Cultura e Comunica&ccedil;&atilde;o, a possibilidade de criar o Conselho Estadual de Comunica&ccedil;&atilde;o. O debate ser&aacute; feito no encontro Di&aacute;logos CDES, &agrave;s 8h30, com a presen&ccedil;a de entidades e empresas da &aacute;rea, al&eacute;m da sociedade interessada em aprofundar &hellip; <a href=\"https:\/\/obscom.intervozes.org.br\/?p=26253\" class=\"more-link\">Continue lendo <span class=\"screen-reader-text\">Conselho de Comunica\u00e7\u00e3o \u00e9 tema de debate<\/span> <span class=\"meta-nav\">&rarr;<\/span><\/a><\/p>\n","protected":false},"author":1,"featured_media":0,"comment_status":"open","ping_status":"open","sticky":false,"template":"","format":"standard","meta":{"footnotes":""},"categories":[39],"tags":[],"_links":{"self":[{"href":"https:\/\/obscom.intervozes.org.br\/index.php?rest_route=\/wp\/v2\/posts\/26253"}],"collection":[{"href":"https:\/\/obscom.intervozes.org.br\/index.php?rest_route=\/wp\/v2\/posts"}],"about":[{"href":"https:\/\/obscom.intervozes.org.br\/index.php?rest_route=\/wp\/v2\/types\/post"}],"author":[{"embeddable":true,"href":"https:\/\/obscom.intervozes.org.br\/index.php?rest_route=\/wp\/v2\/users\/1"}],"replies":[{"embeddable":true,"href":"https:\/\/obscom.intervozes.org.br\/index.php?rest_route=%2Fwp%2Fv2%2Fcomments&post=26253"}],"version-history":[{"count":0,"href":"https:\/\/obscom.intervozes.org.br\/index.php?rest_route=\/wp\/v2\/posts\/26253\/revisions"}],"wp:attachment":[{"href":"https:\/\/obscom.intervozes.org.br\/index.php?rest_route=%2Fwp%2Fv2%2Fmedia&parent=26253"}],"wp:term":[{"taxonomy":"category","embeddable":true,"href":"https:\/\/obscom.intervozes.org.br\/index.php?rest_route=%2Fwp%2Fv2%2Fcategories&post=26253"},{"taxonomy":"post_tag","embeddable":true,"href":"https:\/\/obscom.intervozes.org.br\/index.php?rest_route=%2Fwp%2Fv2%2Ftags&post=26253"}],"curies":[{"name":"wp","href":"https:\/\/api.w.org\/{rel}","templated":true}]}}