{"id":26249,"date":"2011-10-18T13:53:25","date_gmt":"2011-10-18T13:53:25","guid":{"rendered":"https:\/\/obscom.intervozes.org.br\/wordpress\/?p=26249"},"modified":"2011-10-18T13:53:25","modified_gmt":"2011-10-18T13:53:25","slug":"debate-sobre-midia-e-mst-chega-a-mais-municipios-do-interior-do-ceara","status":"publish","type":"post","link":"https:\/\/obscom.intervozes.org.br\/?p=26249","title":{"rendered":"Debate sobre m\u00eddia e MST chega a mais munic\u00edpios do interior do Cear\u00e1"},"content":{"rendered":"<p>Seguindo a pol&iacute;tica de levar o debate para o interior do pa&iacute;s, o relat&oacute;rio &ldquo;Vozes Silenciadas &ndash; A Cobertura da M&iacute;dia sobre o Movimento dos Trabalhadores Rurais Sem Terra durante a Comiss&atilde;o Parlamentar Mista de Inqu&eacute;rito&rdquo; foi lan&ccedil;ado na regi&atilde;o do Cariri, sul do Cear&aacute;, no &uacute;ltimo fim-de-semana.<\/p>\n<p>Um dos lan&ccedil;amentos foi feito pela professora M&ocirc;nica Mour&atilde;o, integrante do Coletivo Intervozes, no dia 14 pela manh&atilde;, na Universidade Regional do Cariri (Urca), na cidade do Crato. O momento reuniu estudantes e professores de Geografia e Ci&ecirc;ncias Sociais. No mesmo dia &agrave; noite, foi realizado um debate no campus da Universidade Federal do Cear&aacute; (UFC) no Cariri, no munic&iacute;pio de Juazeiro do Norte. Dessa vez, participaram estudantes e professores de Comunica&ccedil;&atilde;o Social, Filosofia, Agronomia e Medicina. <\/p>\n<p>O lan&ccedil;amento na UFC Cariri contou com a presen&ccedil;a de M&ocirc;nica Mour&atilde;o e Fl&aacute;vio Barbosa, representante da coordena&ccedil;&atilde;o estadual do MST. Ele contextualizou a CPMI do MST, lembrou outros momentos em que o Movimento foi alvo de investiga&ccedil;&otilde;es e apontou o panorama pol&iacute;tico em que o MST se insere. M&ocirc;nica mostrou os principais dados do relat&oacute;rio e discutiu a cobertura da m&iacute;dia sobre movimentos sociais. <\/p>\n","protected":false},"excerpt":{"rendered":"<p>Seguindo a pol&iacute;tica de levar o debate para o interior do pa&iacute;s, o relat&oacute;rio &ldquo;Vozes Silenciadas &ndash; A Cobertura da M&iacute;dia sobre o Movimento dos Trabalhadores Rurais Sem Terra durante a Comiss&atilde;o Parlamentar Mista de Inqu&eacute;rito&rdquo; foi lan&ccedil;ado na regi&atilde;o do Cariri, sul do Cear&aacute;, no &uacute;ltimo fim-de-semana. Um dos lan&ccedil;amentos foi feito pela professora &hellip; <a href=\"https:\/\/obscom.intervozes.org.br\/?p=26249\" class=\"more-link\">Continue lendo <span class=\"screen-reader-text\">Debate sobre m\u00eddia e MST chega a mais munic\u00edpios do interior do Cear\u00e1<\/span> <span class=\"meta-nav\">&rarr;<\/span><\/a><\/p>\n","protected":false},"author":1,"featured_media":0,"comment_status":"open","ping_status":"open","sticky":false,"template":"","format":"standard","meta":{"footnotes":""},"categories":[39],"tags":[],"_links":{"self":[{"href":"https:\/\/obscom.intervozes.org.br\/index.php?rest_route=\/wp\/v2\/posts\/26249"}],"collection":[{"href":"https:\/\/obscom.intervozes.org.br\/index.php?rest_route=\/wp\/v2\/posts"}],"about":[{"href":"https:\/\/obscom.intervozes.org.br\/index.php?rest_route=\/wp\/v2\/types\/post"}],"author":[{"embeddable":true,"href":"https:\/\/obscom.intervozes.org.br\/index.php?rest_route=\/wp\/v2\/users\/1"}],"replies":[{"embeddable":true,"href":"https:\/\/obscom.intervozes.org.br\/index.php?rest_route=%2Fwp%2Fv2%2Fcomments&post=26249"}],"version-history":[{"count":0,"href":"https:\/\/obscom.intervozes.org.br\/index.php?rest_route=\/wp\/v2\/posts\/26249\/revisions"}],"wp:attachment":[{"href":"https:\/\/obscom.intervozes.org.br\/index.php?rest_route=%2Fwp%2Fv2%2Fmedia&parent=26249"}],"wp:term":[{"taxonomy":"category","embeddable":true,"href":"https:\/\/obscom.intervozes.org.br\/index.php?rest_route=%2Fwp%2Fv2%2Fcategories&post=26249"},{"taxonomy":"post_tag","embeddable":true,"href":"https:\/\/obscom.intervozes.org.br\/index.php?rest_route=%2Fwp%2Fv2%2Ftags&post=26249"}],"curies":[{"name":"wp","href":"https:\/\/api.w.org\/{rel}","templated":true}]}}