{"id":26243,"date":"2011-10-17T15:24:51","date_gmt":"2011-10-17T15:24:51","guid":{"rendered":"https:\/\/obscom.intervozes.org.br\/wordpress\/?p=26243"},"modified":"2011-10-17T15:24:51","modified_gmt":"2011-10-17T15:24:51","slug":"camara-pode-votar-esta-semana-projeto-de-horario-flexivel","status":"publish","type":"post","link":"https:\/\/obscom.intervozes.org.br\/?p=26243","title":{"rendered":"C\u00e2mara pode votar esta semana projeto de hor\u00e1rio flex\u00edvel"},"content":{"rendered":"<p><span class=\"padrao\"><em>[titulo original: Voz do Brasil: C&acirc;mara pode votar esta semana projeto de Perp&eacute;tua]<\/em><\/p>\n<p>O presidente da C&acirc;mara dos Deputados, Marco Maia (PT-RS), vai sugerir aos l&iacute;deres a vota&ccedil;&atilde;o, esta semana, do projeto de autoria da deputada Perp&eacute;tua Almeida (PCdoB-AC) que torna mais flex&iacute;vel o hor&aacute;rio de transmiss&atilde;o do programa &quot;Voz do Brasil&quot; pelas emissoras de r&aacute;dio. O projeto passou em todas as comiss&otilde;es e sofreu modifica&ccedil;&otilde;es no Senado e, para se tornar lei, depende apenas de aprova&ccedil;&atilde;o no Plen&aacute;rio da C&acirc;mara.<\/p>\n<p>&ldquo;&Eacute; uma proposta interessante que atende a uma demanda antiga da sociedade, que pedia uma condi&ccedil;&atilde;o diferente para a transmiss&atilde;o desse notici&aacute;rio nas r&aacute;dios do Pa&iacute;s. Havendo qu&oacute;rum e acordo entre os l&iacute;deres, n&oacute;s poderemos votar esta mat&eacute;ria imediatamente&rdquo;, disse Maia.<\/p>\n<p>Perp&eacute;tua Almeida insiste que os ouvintes devem ter o direito de livre escolha para os hor&aacute;rios. Ou seja, ela defende a manuten&ccedil;&atilde;o dos 60 minutos de programa desde que sejam exibidos entre 19 horas e 22 horas, encaixados na grade de programa&ccedil;&atilde;o das r&aacute;dios, deixando de ser veiculados em hor&aacute;rio obrigat&oacute;rio e &uacute;nico, das sete &agrave;s oito da noite, como acontece h&aacute; 50 anos.<\/p>\n<p>&ldquo;O hor&aacute;rio que est&aacute; a&iacute; n&atilde;o corresponde ao momento atual do pa&iacute;s. O ideal &eacute; que as pessoas sejam informadas, onde elas estejam &#8211; no tr&acirc;nsito, em casa, na faculdade etc -, em tempo real, sobre o que se passa no mundo, ou na sua cidade, no hor&aacute;rio em que elas possam sintonizar&rdquo;, explicou a deputada.<\/p>\n<p>&ldquo;A obrigatoriedade de hor&aacute;rio n&atilde;o &eacute; democr&aacute;tica, e sujeita o cidad&atilde;o a uma imposi&ccedil;&atilde;o desnecess&aacute;ria. Por outro lado, a nova regra dar&aacute; mais liberdade &agrave;s emissoras comerciais, que t&ecirc;m diferentes perfis no hor&aacute;rio da noite. Hoje, as r&aacute;dios s&atilde;o penalizadas com a queda linear da audi&ecirc;ncia toda vez que a Voz do Brasil entra no ar. Quem, por alguma raz&atilde;o, n&atilde;o pode ouvir &agrave;s sete, poder&aacute; ouvir um pouco mais tarde. Ali&aacute;s, 19 horas em Bras&iacute;lia n&atilde;o s&atilde;o 19 horas em muitos estados. No caso espec&iacute;fico do Acre, pode ser 16 horas, se estivermos no hor&aacute;rio de ver&atilde;o&rdquo;, comparou a deputada.<\/p>\n<p>Pela proposta, as emissoras educativas continuam a transmitir obrigatoriamente o programa &agrave;s 19 horas (hor&aacute;rio oficial de Bras&iacute;lia). A transmiss&atilde;o acontecer&aacute; no mesmo hor&aacute;rio tamb&eacute;m nas emissoras vinculadas ao Congresso Nacional, &agrave;s Assembl&eacute;ias Legislativas e C&acirc;maras Municipais, quando n&atilde;o houver sess&atilde;o deliberativa no plen&aacute;rio. Assim, decis&otilde;es de &uacute;ltima hora no Supremo Tribunal Federal (STF), por exemplo, j&aacute; poder&atilde;o ser informadas na mesma noite.<\/p>\n<p>Ainda segundo o projeto, as r&aacute;dios comerciais e comunit&aacute;rias ajustariam a Voz do Brasil num hor&aacute;rio de sua prefer&ecirc;ncia, desde que n&atilde;o anteceda &agrave;s 19 horas e n&atilde;o ultrapasse &agrave;s 22 horas.<\/p>\n<p>O diretor-geral da Abert, Luis Roberto Antonik, acredita que o hor&aacute;rio flex&iacute;vel poder&aacute; at&eacute; trazer mais audi&ecirc;ncia para o programa. &quot;Uma r&aacute;dio que trabalha com tr&acirc;nsito pode come&ccedil;ar a Voz do Brasil &agrave;s oito. Uma r&aacute;dio que trabalha com not&iacute;cias pode ir ajustando dentro da sua grade de programa&ccedil;&atilde;o. Ent&atilde;o, quem quiser assistir a Voz do Brasil e n&atilde;o pode ouvir &agrave;s sete, por exemplo, poder&aacute; ouvir um pouco mais tarde. Essa &eacute; a nossa inten&ccedil;&atilde;o, por isso apoiamos o projeto da deputada&rdquo;, afirmou.<\/span><\/p>\n<p>&nbsp;<\/p>\n","protected":false},"excerpt":{"rendered":"<p>[titulo original: Voz do Brasil: C&acirc;mara pode votar esta semana projeto de Perp&eacute;tua] O presidente da C&acirc;mara dos Deputados, Marco Maia (PT-RS), vai sugerir aos l&iacute;deres a vota&ccedil;&atilde;o, esta semana, do projeto de autoria da deputada Perp&eacute;tua Almeida (PCdoB-AC) que torna mais flex&iacute;vel o hor&aacute;rio de transmiss&atilde;o do programa &quot;Voz do Brasil&quot; pelas emissoras de &hellip; <a href=\"https:\/\/obscom.intervozes.org.br\/?p=26243\" class=\"more-link\">Continue lendo <span class=\"screen-reader-text\">C\u00e2mara pode votar esta semana projeto de hor\u00e1rio flex\u00edvel<\/span> <span class=\"meta-nav\">&rarr;<\/span><\/a><\/p>\n","protected":false},"author":1,"featured_media":0,"comment_status":"open","ping_status":"open","sticky":false,"template":"","format":"standard","meta":{"footnotes":""},"categories":[40],"tags":[1590],"_links":{"self":[{"href":"https:\/\/obscom.intervozes.org.br\/index.php?rest_route=\/wp\/v2\/posts\/26243"}],"collection":[{"href":"https:\/\/obscom.intervozes.org.br\/index.php?rest_route=\/wp\/v2\/posts"}],"about":[{"href":"https:\/\/obscom.intervozes.org.br\/index.php?rest_route=\/wp\/v2\/types\/post"}],"author":[{"embeddable":true,"href":"https:\/\/obscom.intervozes.org.br\/index.php?rest_route=\/wp\/v2\/users\/1"}],"replies":[{"embeddable":true,"href":"https:\/\/obscom.intervozes.org.br\/index.php?rest_route=%2Fwp%2Fv2%2Fcomments&post=26243"}],"version-history":[{"count":0,"href":"https:\/\/obscom.intervozes.org.br\/index.php?rest_route=\/wp\/v2\/posts\/26243\/revisions"}],"wp:attachment":[{"href":"https:\/\/obscom.intervozes.org.br\/index.php?rest_route=%2Fwp%2Fv2%2Fmedia&parent=26243"}],"wp:term":[{"taxonomy":"category","embeddable":true,"href":"https:\/\/obscom.intervozes.org.br\/index.php?rest_route=%2Fwp%2Fv2%2Fcategories&post=26243"},{"taxonomy":"post_tag","embeddable":true,"href":"https:\/\/obscom.intervozes.org.br\/index.php?rest_route=%2Fwp%2Fv2%2Ftags&post=26243"}],"curies":[{"name":"wp","href":"https:\/\/api.w.org\/{rel}","templated":true}]}}