{"id":26239,"date":"2011-10-17T14:53:50","date_gmt":"2011-10-17T14:53:50","guid":{"rendered":"https:\/\/obscom.intervozes.org.br\/wordpress\/?p=26239"},"modified":"2011-10-17T14:53:50","modified_gmt":"2011-10-17T14:53:50","slug":"debate-sobre-frequencias-reune-secretarios-do-minicom-anatel-radiodifusor-e-tele","status":"publish","type":"post","link":"https:\/\/obscom.intervozes.org.br\/?p=26239","title":{"rendered":"Debate sobre frequ\u00eancias re\u00fane secret\u00e1rios do MiniCom, Anatel, radiodifusor e tele"},"content":{"rendered":"<p><span class=\"padrao\">Os secret&aacute;rios de telecomunica&ccedil;&otilde;es, Maximiliano Martinh&atilde;o, e de Comunica&ccedil;&atilde;o Eletr&ocirc;nica de Massas, Genildo Lins, est&atilde;o entre as personalidades presentes ao 28 Encontro Tele.S&iacute;ntese, promovido pela Momento Editorial, e que acontece em Bras&iacute;lia no dia 25 de outubro. Martinh&atilde;o far&aacute; a abertura, com uma avalia&ccedil;&atilde;o sobre as necessidades dos servi&ccedil;os m&oacute;veis para o Plano Nacional de Banda larga.<\/p>\n<p>Em seguida, no primeiro painel, destinado ao debate sobre o melhor uso da faixa de 700 MHz e seu dividendo digital, ir&aacute; apresentar a posi&ccedil;&atilde;o do Minit&eacute;rio das Comunica&ccedil;&otilde;es o secret&aacute;rio de Servi&ccedil;os de Comunica&ccedil;&atilde;o Eletr&ocirc;nica, Genildo Lins. Participar&atilde;o ainda desta Mesa, Paulo Ricardo Balduino, diretor da Abert; e Eduardo Levy, diretor-executivo do SindiTelebrasil, al&eacute;m de Andr&eacute; Barbosa, assessor da Casa Civil da Presid&ecirc;ncia, e Francisco Giacomini, diretor da Qualcomm.<\/p>\n<p>Ainda pela manh&atilde; ser&aacute; tamb&eacute;m discutida a melhor modelagem para a licita&ccedil;&atilde;o da faixa de 450 MHz, com as palestras de Roberto Pinto Martins, superintendente de Servi&ccedil;os P&uacute;blicos da Anatel, Paulo Mattos, diretor de Regulamenta&ccedil;&atilde;o e Planejamento Estrat&eacute;gico da Oi e Ricardo Tavares, diretor da Ericsson.<\/p>\n<p>&Agrave; tarde ser&aacute; a vez dos debates sobre as faixas de 3,5 GHz, cujo edital j&aacute; foi lan&ccedil;ado para consulta p&uacute;blica pela Anatel, mas h&aacute; questionamentos sobre as interfer&ecirc;ncias que o novo servi&ccedil;o podem provocar nas antenas parab&oacute;licas de TV; e sobre a faixa de 2,5 GHz, destinada para a 4G, mas que est&aacute; sendo questionada pelas atuais operadoras quanto &agrave; melhor hora para sua venda. Estar&atilde;o neste debate os diretores da Telef&ocirc;nica\/vivo, Marcos Bafutto; da Embratel, Oscar Petersen; e da TIM, Mario Girasole. Al&eacute;m de Jos&eacute; Leite, consultor e ex-conselheiro da Anatel e Marcos de Oliveira, gerente-geral da Anatel.<\/span><\/p>\n","protected":false},"excerpt":{"rendered":"<p>Os secret&aacute;rios de telecomunica&ccedil;&otilde;es, Maximiliano Martinh&atilde;o, e de Comunica&ccedil;&atilde;o Eletr&ocirc;nica de Massas, Genildo Lins, est&atilde;o entre as personalidades presentes ao 28 Encontro Tele.S&iacute;ntese, promovido pela Momento Editorial, e que acontece em Bras&iacute;lia no dia 25 de outubro. Martinh&atilde;o far&aacute; a abertura, com uma avalia&ccedil;&atilde;o sobre as necessidades dos servi&ccedil;os m&oacute;veis para o Plano Nacional de &hellip; <a href=\"https:\/\/obscom.intervozes.org.br\/?p=26239\" class=\"more-link\">Continue lendo <span class=\"screen-reader-text\">Debate sobre frequ\u00eancias re\u00fane secret\u00e1rios do MiniCom, Anatel, radiodifusor e tele<\/span> <span class=\"meta-nav\">&rarr;<\/span><\/a><\/p>\n","protected":false},"author":1,"featured_media":0,"comment_status":"open","ping_status":"open","sticky":false,"template":"","format":"standard","meta":{"footnotes":""},"categories":[40],"tags":[1546],"_links":{"self":[{"href":"https:\/\/obscom.intervozes.org.br\/index.php?rest_route=\/wp\/v2\/posts\/26239"}],"collection":[{"href":"https:\/\/obscom.intervozes.org.br\/index.php?rest_route=\/wp\/v2\/posts"}],"about":[{"href":"https:\/\/obscom.intervozes.org.br\/index.php?rest_route=\/wp\/v2\/types\/post"}],"author":[{"embeddable":true,"href":"https:\/\/obscom.intervozes.org.br\/index.php?rest_route=\/wp\/v2\/users\/1"}],"replies":[{"embeddable":true,"href":"https:\/\/obscom.intervozes.org.br\/index.php?rest_route=%2Fwp%2Fv2%2Fcomments&post=26239"}],"version-history":[{"count":0,"href":"https:\/\/obscom.intervozes.org.br\/index.php?rest_route=\/wp\/v2\/posts\/26239\/revisions"}],"wp:attachment":[{"href":"https:\/\/obscom.intervozes.org.br\/index.php?rest_route=%2Fwp%2Fv2%2Fmedia&parent=26239"}],"wp:term":[{"taxonomy":"category","embeddable":true,"href":"https:\/\/obscom.intervozes.org.br\/index.php?rest_route=%2Fwp%2Fv2%2Fcategories&post=26239"},{"taxonomy":"post_tag","embeddable":true,"href":"https:\/\/obscom.intervozes.org.br\/index.php?rest_route=%2Fwp%2Fv2%2Ftags&post=26239"}],"curies":[{"name":"wp","href":"https:\/\/api.w.org\/{rel}","templated":true}]}}