{"id":26233,"date":"2011-10-13T20:54:58","date_gmt":"2011-10-13T20:54:58","guid":{"rendered":"https:\/\/obscom.intervozes.org.br\/wordpress\/?p=26233"},"modified":"2011-10-13T20:54:58","modified_gmt":"2011-10-13T20:54:58","slug":"forum-da-internet-comeca-em-sao-paulo","status":"publish","type":"post","link":"https:\/\/obscom.intervozes.org.br\/?p=26233","title":{"rendered":"F\u00f3rum da Internet come\u00e7a em S\u00e3o Paulo"},"content":{"rendered":"\n<p class=\"padrao\">A tecnologia ainda &eacute; entendida como um dom&iacute;nio masculino, mesmo quando se trata do fen&ocirc;meno mais sintonizado com as transforma&ccedil;&otilde;es atuais da sociedade e parte das causas dessas mudan&ccedil;as: a Internet.<\/p>\n<p>Um sintoma &eacute; a composi&ccedil;&atilde;o da mesa que abriu, nesta manh&atilde;, o F&oacute;rum da Internet no Brasil, com apenas uma mulher entre 14 convidados &agrave; mesa organizada pelo CGI.br, Comit&ecirc; Gestor da Internet no Brasil, para debater os rumos e a gest&atilde;o da rede.<\/p>\n<p>O encontrou que atraiu participantes dos v&aacute;rios cantos do pa&iacute;s ao Expo Center Norte, para dois dias de debate (13 e 14), foi aberto pelo diretor presidente do N&uacute;cleo de Informa&ccedil;&atilde;o e Coordena&ccedil;&atilde;o do Ponto BR (NIC.br) Demi Getchko, que fez uma retrospectiva da hist&oacute;ria e de fen&ocirc;menos relacionados com a rede no pa&iacute;s. Apontou, por exemplo, que os c&oacute;digos abertos, que asseguram liberdades tecnol&oacute;gicas na rede, s&oacute; existem por causa da Internet, e na verdade os dois foram criados juntos, s&atilde;o interligados.<\/p>\n<p>Um aspecto interessante do desenvolvimento da Internet no Brasil foi o modo como a rede foi apropriada, que mostra um protagonismo importante da sociedade civil organizada. Se a primeira leva de usu&aacute;rios ocorreu dentro da academia, como ferramenta de apoio ao interc&acirc;mbio da produ&ccedil;&atilde;o cient&iacute;fica, a segunda e grande leva se deu no momento de intercambiar debates das organiza&ccedil;&otilde;es e movimentos sociais envolvidos com a constru&ccedil;&atilde;o da confer&ecirc;ncia paralela &agrave; Confer&ecirc;ncia do Meio Ambiente da ONU, Eco 92, que em 2012 completar&aacute; 20 anos com uma nova confer&ecirc;ncia no Rio. S&oacute; ent&atilde;o viria a leva de apropria&ccedil;&atilde;o pelos setores governamentais e, depois, pela sociedade civil em geral.<\/p>\n<p>Os debates hoje sobre o uso e regula&ccedil;&atilde;o da rede colocam em quest&atilde;o as liberdades dos usu&aacute;rios e, segundo Demi Getchko, &eacute; preciso entender que controle &eacute; diferente de seguran&ccedil;a. As ferramentas podem ser utilizadas para esclarecer crimes, mas n&atilde;o devem ser usadas para controle dos usu&aacute;rios.<\/p>\n<p>Para o segundo conselheiro a falar, S&eacute;rgio Amadeu, a internet deve ser considerada um direito humano. A rede veio mudar o ecossistema da comunica&ccedil;&atilde;o, em que era dif&iacute;cil falar pelos meios tradicionais, e que foi subvertido.&quot;Todos podem publicar sem pedir autoriza&ccedil;&atilde;o para ningu&eacute;m. E essa cultura da liberdade, que est&aacute; acima da cultura da permiss&atilde;o, &eacute; fundamental para o conhecimento cient&iacute;fico&quot;, defende.<\/p>\n<p>Mas segundo Amadeu, quem chegou &agrave; rede depois acha que isso deve ser mudado. A Internet est&aacute; sob ataque no mundo inteiro. &quot;N&atilde;o podemos permitir que sejam criadas legisla&ccedil;&otilde;es que cerceiem a interatividade por meio do controle&quot;, alertou. &Eacute; preciso, segundo ele, encontrar o equil&iacute;brio entre liberdade, interatividade e seguran&ccedil;a.<\/p>\n<p>A falta de acesso &agrave; banda larga no Brasil, uma das mais caras do mundo e que n&atilde;o chega aos extremos do territ&oacute;rio nacional, &eacute; o grande entrave para assegurar a Internet como um direito. &quot;Precisamos diminuir o custo Brasil de comunica&ccedil;&atilde;o&quot;, disse S&eacute;rgio Amadeu, fazendo um apelo pela difus&atilde;o da campanha &quot;Banda Larga &eacute; Um Direito Seu&quot;.<\/p>\n<p>A disputa pelo Plano Nacional de Banda Larga, alvo da campanha, tamb&eacute;m foi apontada como estrat&eacute;gica pela deputada Manuela D&rsquo;Avila, ao afirmar que os rumos da internet n&atilde;o pode ser assunto para poucos. &quot;Queremos uma comunica&ccedil;&atilde;o que quebre o fluxo unilateral dos meios de comunica&ccedil;&atilde;o de massa&quot;, defende. Segundo ela, trata-se da diferen&ccedil;a entre se ter uma comunica&ccedil;&atilde;o de poucos para muitos ou de muitos para muitos. Como &uacute;nica mulher palestrante, Manuela lembrou que a reduzida representa&ccedil;&atilde;o na mesa n&atilde;o reflete o que acontece na rede, onde as mulheres t&ecirc;m presen&ccedil;a de peso como usu&aacute;rias e defensoras da democratiza&ccedil;&atilde;o da comunica&ccedil;&atilde;o.<\/p>\n","protected":false},"excerpt":{"rendered":"<p>A tecnologia ainda &eacute; entendida como um dom&iacute;nio masculino, mesmo quando se trata do fen&ocirc;meno mais sintonizado com as transforma&ccedil;&otilde;es atuais da sociedade e parte das causas dessas mudan&ccedil;as: a Internet. Um sintoma &eacute; a composi&ccedil;&atilde;o da mesa que abriu, nesta manh&atilde;, o F&oacute;rum da Internet no Brasil, com apenas uma mulher entre 14 convidados &hellip; <a href=\"https:\/\/obscom.intervozes.org.br\/?p=26233\" class=\"more-link\">Continue lendo <span class=\"screen-reader-text\">F\u00f3rum da Internet come\u00e7a em S\u00e3o Paulo<\/span> <span class=\"meta-nav\">&rarr;<\/span><\/a><\/p>\n","protected":false},"author":1,"featured_media":0,"comment_status":"open","ping_status":"open","sticky":false,"template":"","format":"standard","meta":{"footnotes":""},"categories":[40],"tags":[1588],"_links":{"self":[{"href":"https:\/\/obscom.intervozes.org.br\/index.php?rest_route=\/wp\/v2\/posts\/26233"}],"collection":[{"href":"https:\/\/obscom.intervozes.org.br\/index.php?rest_route=\/wp\/v2\/posts"}],"about":[{"href":"https:\/\/obscom.intervozes.org.br\/index.php?rest_route=\/wp\/v2\/types\/post"}],"author":[{"embeddable":true,"href":"https:\/\/obscom.intervozes.org.br\/index.php?rest_route=\/wp\/v2\/users\/1"}],"replies":[{"embeddable":true,"href":"https:\/\/obscom.intervozes.org.br\/index.php?rest_route=%2Fwp%2Fv2%2Fcomments&post=26233"}],"version-history":[{"count":0,"href":"https:\/\/obscom.intervozes.org.br\/index.php?rest_route=\/wp\/v2\/posts\/26233\/revisions"}],"wp:attachment":[{"href":"https:\/\/obscom.intervozes.org.br\/index.php?rest_route=%2Fwp%2Fv2%2Fmedia&parent=26233"}],"wp:term":[{"taxonomy":"category","embeddable":true,"href":"https:\/\/obscom.intervozes.org.br\/index.php?rest_route=%2Fwp%2Fv2%2Fcategories&post=26233"},{"taxonomy":"post_tag","embeddable":true,"href":"https:\/\/obscom.intervozes.org.br\/index.php?rest_route=%2Fwp%2Fv2%2Ftags&post=26233"}],"curies":[{"name":"wp","href":"https:\/\/api.w.org\/{rel}","templated":true}]}}