{"id":26232,"date":"2011-10-13T20:51:45","date_gmt":"2011-10-13T20:51:45","guid":{"rendered":"https:\/\/obscom.intervozes.org.br\/wordpress\/?p=26232"},"modified":"2011-10-13T20:51:45","modified_gmt":"2011-10-13T20:51:45","slug":"governanca-da-internet-ainda-e-tema-arido","status":"publish","type":"post","link":"https:\/\/obscom.intervozes.org.br\/?p=26232","title":{"rendered":"Governan\u00e7a da internet ainda \u00e9 tema \u00e1rido"},"content":{"rendered":"\n<p class=\"padrao\">Por que a Anatel n&atilde;o est&aacute; nesta sala discutindo governan&ccedil;a da internet? &quot;Porque n&atilde;o interessa &agrave; Anatel discutir nada do funcionamento pol&iacute;tico e econ&ocirc;mico da rede&quot;, disse Al&ecirc; Abdo, da Wikimedia, durante o debate na trilha &quot;Governan&ccedil;a Democr&aacute;tica e Colaborativa&quot;. Esta foi uma das menos frequentadas trilhas de discuss&atilde;o propostas pelo I F&oacute;rum da Internet do Brasil, iniciado esta manh&atilde; no Expo Center Norte, em S&atilde;o Paulo.<\/p>\n<p>A import&acirc;ncia do tema, que trata da democracia da gest&atilde;o da rede, contrasta com a pouca difus&atilde;o de informa&ccedil;&otilde;es sobre os fundamentos t&eacute;cnico-pol&iacute;ticos da internet, a gest&atilde;o das estruturas que sustentam seu funcionamento, a forma como o servi&ccedil;o &eacute; organizado no Brasil e no mundo.<\/p>\n<p>A dificuldade se refletiu, em um primeiro momento, na tend&ecirc;ncia dos participantes em debater mais o funcionamento do Conselho Gestor da Internet, que foi cobrado a atuar com mais transpar&ecirc;ncia e de modo mais inclusivo, do que os demais aspectos da governan&ccedil;a da rede, propostos pela trilha: modelo e <em>locus<\/em> de governan&ccedil;a, internet como valor adicionado, e organiza&ccedil;&atilde;o da rede no Brasil, temas que foram apresentados por Demi Getchko, do NCI.br, e por Rafael Moreira, do Minist&eacute;rio da Ci&ecirc;ncia e Tecnologia.<\/p>\n<p>A fala da representante da sociedade civil na mesa, Daniela Silva, da Transpar&ecirc;ncia Hacker, foi de cr&iacute;tica ao CGI por n&atilde;o refletir na sua gest&atilde;o a horizontalidade e transpar&ecirc;ncia radical baseadas no pr&oacute;prio modo de funcionamento da internet. Seria, segundo ela, o caminho para ampliar o envolvimento da sociedade no debate da governan&ccedil;a e nas posic&otilde;es do CGI, hoje tomadas a partir de representantes eleitos por entidades sociais, empresariais e do governo.<\/p>\n<p>Para o representante dos empres&aacute;rios Cassio Veechiatti, da Fiesp, a participa&ccedil;&atilde;o depende menos da transpar&ecirc;ncia e mais de uma evoluc&atilde;o cultural da sociedade, o que provocou, al&eacute;m de criticas a essa vis&atilde;o, um debate na sala sobre as condi&ccedil;&otilde;es para o engajamento da populac&atilde;o usu&aacute;ria na disputa pelos rumos da rede. A cultura n&atilde;o muda sem est&iacute;mulo, defendeu Diego Canabarro, da UFRGS, cobrando responsabilidades tanto dos governos quanto das entidades em promover a participa&ccedil;&atilde;o.<\/p>\n<p>A discuss&atilde;o na sala encarregada de produzir um documento final com as contribui&ccedil;&otilde;es sobre governan&ccedil;a levou &agrave; percep&ccedil;&acirc;o de que muitos dos debates intr&iacute;nsecos ao tema foram segmentados pela proposta do F&oacute;rum e acabaram sendo tratados em outras salas, nas trilhas sobre ambiente legal, padroniza&ccedil;&atilde;o e inova&ccedil;&atilde;o, inclus&atilde;o digital, entre outras. Participantes sugeriram conhecer antes esses debates para ent&atilde;o produzir um documento final.<\/p>\n<p>Ficou tamb&eacute;m como sugest&atilde;o de Mar&iacute;lia Maciel, da FGV, que as pr&oacute;ximas edi&ccedil;&otilde;es do F&oacute;rum da Internet coloquem a governan&ccedil;a da internet como uma quest&atilde;o transversal, justamente por sua import&acirc;ncia estrat&eacute;gica. Este tema, geralmente abordado pelos seus aspectos mais t&eacute;cnicos e que acaba inibindo os participantes, &eacute; na verdade um dos mais pol&iacute;ticos no debate sobre os rumos da internet.<\/p>\n","protected":false},"excerpt":{"rendered":"<p>Por que a Anatel n&atilde;o est&aacute; nesta sala discutindo governan&ccedil;a da internet? &quot;Porque n&atilde;o interessa &agrave; Anatel discutir nada do funcionamento pol&iacute;tico e econ&ocirc;mico da rede&quot;, disse Al&ecirc; Abdo, da Wikimedia, durante o debate na trilha &quot;Governan&ccedil;a Democr&aacute;tica e Colaborativa&quot;. Esta foi uma das menos frequentadas trilhas de discuss&atilde;o propostas pelo I F&oacute;rum da Internet &hellip; <a href=\"https:\/\/obscom.intervozes.org.br\/?p=26232\" class=\"more-link\">Continue lendo <span class=\"screen-reader-text\">Governan\u00e7a da internet ainda \u00e9 tema \u00e1rido<\/span> <span class=\"meta-nav\">&rarr;<\/span><\/a><\/p>\n","protected":false},"author":1,"featured_media":0,"comment_status":"open","ping_status":"open","sticky":false,"template":"","format":"standard","meta":{"footnotes":""},"categories":[40],"tags":[1588],"_links":{"self":[{"href":"https:\/\/obscom.intervozes.org.br\/index.php?rest_route=\/wp\/v2\/posts\/26232"}],"collection":[{"href":"https:\/\/obscom.intervozes.org.br\/index.php?rest_route=\/wp\/v2\/posts"}],"about":[{"href":"https:\/\/obscom.intervozes.org.br\/index.php?rest_route=\/wp\/v2\/types\/post"}],"author":[{"embeddable":true,"href":"https:\/\/obscom.intervozes.org.br\/index.php?rest_route=\/wp\/v2\/users\/1"}],"replies":[{"embeddable":true,"href":"https:\/\/obscom.intervozes.org.br\/index.php?rest_route=%2Fwp%2Fv2%2Fcomments&post=26232"}],"version-history":[{"count":0,"href":"https:\/\/obscom.intervozes.org.br\/index.php?rest_route=\/wp\/v2\/posts\/26232\/revisions"}],"wp:attachment":[{"href":"https:\/\/obscom.intervozes.org.br\/index.php?rest_route=%2Fwp%2Fv2%2Fmedia&parent=26232"}],"wp:term":[{"taxonomy":"category","embeddable":true,"href":"https:\/\/obscom.intervozes.org.br\/index.php?rest_route=%2Fwp%2Fv2%2Fcategories&post=26232"},{"taxonomy":"post_tag","embeddable":true,"href":"https:\/\/obscom.intervozes.org.br\/index.php?rest_route=%2Fwp%2Fv2%2Ftags&post=26232"}],"curies":[{"name":"wp","href":"https:\/\/api.w.org\/{rel}","templated":true}]}}