{"id":26231,"date":"2011-10-13T20:42:34","date_gmt":"2011-10-13T20:42:34","guid":{"rendered":"https:\/\/obscom.intervozes.org.br\/wordpress\/?p=26231"},"modified":"2011-10-13T20:42:34","modified_gmt":"2011-10-13T20:42:34","slug":"anatel-deve-manter-medicao-de-velocidade-da-internet-feita-por-usuario","status":"publish","type":"post","link":"https:\/\/obscom.intervozes.org.br\/?p=26231","title":{"rendered":"Anatel deve manter medi\u00e7\u00e3o de velocidade da internet feita por usu\u00e1rio"},"content":{"rendered":"\n<p style=\"margin-bottom: 0cm\" class=\"padrao\">At&eacute; o fim deste m&ecirc;s, a Ag&ecirc;ncia Nacional de Telecomunica&ccedil;&otilde;es (Anatel) ter&aacute; que bater o martelo sobre as metas de qualidade para a internet no pa&iacute;s. Depois de realizar uma consulta p&uacute;blica, a ag&ecirc;ncia pretende manter seu objetivo inicial de regular o tema, apesar das cr&iacute;ticas das teles, que n&atilde;o querem tais regras. As associa&ccedil;&otilde;es de defesa do consumidor tamb&eacute;m defendem a proposta.  <\/p>\n<p style=\"margin-bottom: 0cm\" class=\"western\"> <\/p>\n<p style=\"margin-bottom: 0cm\" class=\"padrao\">No I F&oacute;rum da Internet no Brasil, representantes do governo voltaram a afirmar que o regulamento sobre qualidade vai ser aprovado at&eacute; 31 de outubro.  Uma das principais queixas das operadoras, al&eacute;m da ideia em si, &eacute; a proposta da ag&ecirc;ncia de permitir que o usu&aacute;rio final fa&ccedil;a a medi&ccedil;&atilde;o da velocidade que chega a ele, com base em par&acirc;metros constru&iacute;dos pelo Inmetro em conjunto com o Comit&ecirc; Gestor da Internet no Brasil (CGI.br).<\/p>\n<p style=\"margin-bottom: 0cm\" class=\"western\"> <\/p>\n<p style=\"margin-bottom: 0cm\" class=\"padrao\">&ldquo;Vai ter medi&ccedil;&atilde;o pelo usu&aacute;rio&rdquo;, garantiu Jos&eacute; Alexandre Bicalho, assessor da presid&ecirc;ncia da Anatel. Ele afirmou, no entanto, que devem ser aperfei&ccedil;oados os mecanismos de medi&ccedil;&atilde;o, como a forma de medir a velocidade instant&acirc;nea da internet. Tamb&eacute;m deve ter alguma altera&ccedil;&atilde;o nos prazos que as empresas ter&atilde;o para cumprir as adequa&ccedil;&otilde;es legais.  <\/p>\n<p style=\"margin-bottom: 0cm\" class=\"western\"> <\/p>\n<p style=\"margin-bottom: 0cm\" class=\"padrao\">A parte do regulamento que trata da neutralidade de rede parece causar mais diverg&ecirc;ncia dentro da ag&ecirc;ncia. Segundo Bicalho, alguns defendem que o tema seja tratado apenas no marco civil da internet, que est&aacute; em discuss&atilde;o no Congresso. O texto original do regulamento da Anatel tratava da quest&atilde;o. &ldquo;Precisava deixar&rdquo;, opina Bicalho.  <\/p>\n<p style=\"margin-bottom: 0cm\" class=\"western\"> <\/p>\n<p style=\"margin-bottom: 0cm\" class=\"padrao\">Com o novo regulamento, a Anatel n&atilde;o vai permitir que as empresas ofere&ccedil;am menos que 20% da velocidade contratada. Hoje, elas oferecem cerca de 10%, via contrato. Originalmente esse novo &iacute;ndice vai valeria j&aacute; no primeiro ano a partir da data em que for aprovado o regulamento. No segundo ano, vai para 30% e depois disso, 40%. Mas isso para medi&ccedil;&otilde;es instant&acirc;neas, que ser&atilde;o feitas pelo pr&oacute;prio usu&aacute;rio.  <\/p>\n<p style=\"margin-bottom: 0cm\" class=\"western\"> <\/p>\n<p style=\"margin-bottom: 0cm\" class=\"padrao\">Al&eacute;m disso, a Anatel vai criar um indicador para a velocidade m&eacute;dia, que ser&aacute; o resultado das medi&ccedil;&otilde;es realizadas durante o m&ecirc;s. A meta inicial &eacute; de 60% da velocidade contratada no m&iacute;nimo no primeiro ano. Nos segundo ser&aacute; de 70% e depois, 80%. Para aquelas empresas que descumprirem essas e outras regras presentes no documento est&atilde;o previstas puni&ccedil;&otilde;es.  <\/p>\n<p style=\"margin-bottom: 0cm\" class=\"western\"> <\/p>\n<p style=\"margin-bottom: 0cm\" class=\"padrao\"><strong>Consumidor<\/strong><\/p>\n<p style=\"margin-bottom: 0cm\" class=\"western\"> <\/p>\n<p style=\"margin-bottom: 0cm\" class=\"padrao\">O Instituto Brasileiro de Defesa do Consumidor (Idec) iniciou uma campanha em favor da aprova&ccedil;&atilde;o do regulamento. O Idec formulou um texto padr&atilde;o para que qualquer pessoa envie aos quatro membros do Conselho Diretor da ag&ecirc;ncia toda quinta-feira, quando se re&uacute;nem. Esses s&atilde;o de fato quem criam e aprovam as pol&iacute;ticas da ag&ecirc;ncia.  <\/p>\n<p style=\"margin-bottom: 0cm\" class=\"western\"> <\/p>\n<p style=\"margin-bottom: 0cm\" class=\"padrao\">Na mensagem padr&atilde;o do Idec est&atilde;o outras reivindica&ccedil;&otilde;es, como o abatimento na conta proporcional &agrave; velocidade entregue e defini&ccedil;&atilde;o da varia&ccedil;&atilde;o m&aacute;xima permitida da velocidade de modo a garantir qualidade, como previsto inicialmente pela Anatel.  <\/p>\n<p style=\"margin-bottom: 0cm\" class=\"western\"> <\/p>\n<p style=\"margin-bottom: 0cm\" class=\"padrao\">A Associa&ccedil;&atilde;o de Consumidores Pro Teste tamb&eacute;m considerou a proposta da Anatel um avan&ccedil;o. No entanto, segundo a advogada e consultora da associa&ccedil;&atilde;o Fl&aacute;via Lef&egrave;vre, o regulamento n&atilde;o garante de fato o que se prop&otilde;e. A norma n&atilde;o pro&iacute;be, por exemplo, que as teles diminuam as velocidades ofertadas para darem conta de cumprir as metas e n&atilde;o sofrerem san&ccedil;&otilde;es. &ldquo;A efetividade do regulamento fica reduzida pela banda larga n&atilde;o estar em regime p&uacute;blico&rdquo;, afirma.  <\/p>\n","protected":false},"excerpt":{"rendered":"<p>Depois de passar por consulta, regulamento de qualidade tem que ser aprovado at&eacute; 31 de outubro pelo Conselho Diretor da Anatel<\/p>\n","protected":false},"author":1,"featured_media":0,"comment_status":"open","ping_status":"open","sticky":false,"template":"","format":"standard","meta":{"footnotes":""},"categories":[40],"tags":[150],"_links":{"self":[{"href":"https:\/\/obscom.intervozes.org.br\/index.php?rest_route=\/wp\/v2\/posts\/26231"}],"collection":[{"href":"https:\/\/obscom.intervozes.org.br\/index.php?rest_route=\/wp\/v2\/posts"}],"about":[{"href":"https:\/\/obscom.intervozes.org.br\/index.php?rest_route=\/wp\/v2\/types\/post"}],"author":[{"embeddable":true,"href":"https:\/\/obscom.intervozes.org.br\/index.php?rest_route=\/wp\/v2\/users\/1"}],"replies":[{"embeddable":true,"href":"https:\/\/obscom.intervozes.org.br\/index.php?rest_route=%2Fwp%2Fv2%2Fcomments&post=26231"}],"version-history":[{"count":0,"href":"https:\/\/obscom.intervozes.org.br\/index.php?rest_route=\/wp\/v2\/posts\/26231\/revisions"}],"wp:attachment":[{"href":"https:\/\/obscom.intervozes.org.br\/index.php?rest_route=%2Fwp%2Fv2%2Fmedia&parent=26231"}],"wp:term":[{"taxonomy":"category","embeddable":true,"href":"https:\/\/obscom.intervozes.org.br\/index.php?rest_route=%2Fwp%2Fv2%2Fcategories&post=26231"},{"taxonomy":"post_tag","embeddable":true,"href":"https:\/\/obscom.intervozes.org.br\/index.php?rest_route=%2Fwp%2Fv2%2Ftags&post=26231"}],"curies":[{"name":"wp","href":"https:\/\/api.w.org\/{rel}","templated":true}]}}