{"id":26230,"date":"2011-10-11T17:17:56","date_gmt":"2011-10-11T17:17:56","guid":{"rendered":"https:\/\/obscom.intervozes.org.br\/wordpress\/?p=26230"},"modified":"2011-10-11T17:17:56","modified_gmt":"2011-10-11T17:17:56","slug":"joao-rezende-conselheiro-da-anatel-e-apontado-como-o-proximo-presidente-do-orgao","status":"publish","type":"post","link":"https:\/\/obscom.intervozes.org.br\/?p=26230","title":{"rendered":"Jo\u00e3o Rezende, conselheiro da Anatel, \u00e9 apontado como o pr\u00f3ximo presidente do \u00f3rg\u00e3o"},"content":{"rendered":"<p><span class=\"padrao\"><strong>Reda&ccedil;&atilde;o &#8211; Portal Imprensa<\/strong><\/p>\n<p>O conselheiro da Ag&ecirc;ncia Nacional de Telecomunica&ccedil;&otilde;es (Anatel), Jo&atilde;o Rezende, foi indicado pelo ministro das Comunica&ccedil;&otilde;es, Paulo Bernardo, para ser o pr&oacute;ximo presidente do &oacute;rg&atilde;o, informa o Estado de S. Paulo. Ele assumir&aacute; as fun&ccedil;&otilde;es a partir de novembro.<\/p>\n<p>Segundo o jornal, o atual chefe Ronaldo Sardenberg foi informado na &uacute;ltima quinta-feira (6) que n&atilde;o seria reconduzido ao cargo. Rezende, que ocupa atualmente o cargo de conselheiro da Anatel, j&aacute; foi chefe de gabinete do ministro, em sua gest&atilde;o no Minist&eacute;rio do Planejamento e &eacute; visto como &quot;nome de confian&ccedil;a&quot; do ministro.<\/p>\n<p>Outros dois nomes foram apontados por Bernardo para integrar o conselho diretor: Marcelo Bechara e Rodrigo Zerbone. Tendo em vista os novos projetos para a &aacute;rea de comunica&ccedil;&atilde;o, como a nova lei para TV por assinatura e o Plano Nacional de Banda Larga (PNBL), a presidente Dilma Rousseff deve aprovar rapidamente os novos integrantes do conselho diretor, para que o &oacute;rg&atilde;o delibere rapidamente sobre as quest&otilde;es relacionadas &agrave; comunica&ccedil;&atilde;o.<\/p>\n<p>O conselho diretor, que necessita de aprova&ccedil;&atilde;o por unanimidade nas decis&otilde;es, passou um ano com uma cadeira vaga &#8211; de tr&ecirc;s lugares &#8211; no conselho diretor da ag&ecirc;ncia.<\/span><\/p>\n","protected":false},"excerpt":{"rendered":"<p>Reda&ccedil;&atilde;o &#8211; Portal Imprensa O conselheiro da Ag&ecirc;ncia Nacional de Telecomunica&ccedil;&otilde;es (Anatel), Jo&atilde;o Rezende, foi indicado pelo ministro das Comunica&ccedil;&otilde;es, Paulo Bernardo, para ser o pr&oacute;ximo presidente do &oacute;rg&atilde;o, informa o Estado de S. Paulo. Ele assumir&aacute; as fun&ccedil;&otilde;es a partir de novembro. Segundo o jornal, o atual chefe Ronaldo Sardenberg foi informado na &uacute;ltima &hellip; <a href=\"https:\/\/obscom.intervozes.org.br\/?p=26230\" class=\"more-link\">Continue lendo <span class=\"screen-reader-text\">Jo\u00e3o Rezende, conselheiro da Anatel, \u00e9 apontado como o pr\u00f3ximo presidente do \u00f3rg\u00e3o<\/span> <span class=\"meta-nav\">&rarr;<\/span><\/a><\/p>\n","protected":false},"author":1,"featured_media":0,"comment_status":"open","ping_status":"open","sticky":false,"template":"","format":"standard","meta":{"footnotes":""},"categories":[39],"tags":[],"_links":{"self":[{"href":"https:\/\/obscom.intervozes.org.br\/index.php?rest_route=\/wp\/v2\/posts\/26230"}],"collection":[{"href":"https:\/\/obscom.intervozes.org.br\/index.php?rest_route=\/wp\/v2\/posts"}],"about":[{"href":"https:\/\/obscom.intervozes.org.br\/index.php?rest_route=\/wp\/v2\/types\/post"}],"author":[{"embeddable":true,"href":"https:\/\/obscom.intervozes.org.br\/index.php?rest_route=\/wp\/v2\/users\/1"}],"replies":[{"embeddable":true,"href":"https:\/\/obscom.intervozes.org.br\/index.php?rest_route=%2Fwp%2Fv2%2Fcomments&post=26230"}],"version-history":[{"count":0,"href":"https:\/\/obscom.intervozes.org.br\/index.php?rest_route=\/wp\/v2\/posts\/26230\/revisions"}],"wp:attachment":[{"href":"https:\/\/obscom.intervozes.org.br\/index.php?rest_route=%2Fwp%2Fv2%2Fmedia&parent=26230"}],"wp:term":[{"taxonomy":"category","embeddable":true,"href":"https:\/\/obscom.intervozes.org.br\/index.php?rest_route=%2Fwp%2Fv2%2Fcategories&post=26230"},{"taxonomy":"post_tag","embeddable":true,"href":"https:\/\/obscom.intervozes.org.br\/index.php?rest_route=%2Fwp%2Fv2%2Ftags&post=26230"}],"curies":[{"name":"wp","href":"https:\/\/api.w.org\/{rel}","templated":true}]}}