{"id":26229,"date":"2011-10-11T16:40:11","date_gmt":"2011-10-11T16:40:11","guid":{"rendered":"https:\/\/obscom.intervozes.org.br\/wordpress\/?p=26229"},"modified":"2011-10-11T16:40:11","modified_gmt":"2011-10-11T16:40:11","slug":"queremos-que-a-comunicacao-seja-tratada-em-nosso-pais-como-um-direito-humano","status":"publish","type":"post","link":"https:\/\/obscom.intervozes.org.br\/?p=26229","title":{"rendered":"&#8220;Queremos que a comunica\u00e7\u00e3o seja tratada em nosso pa\u00eds como um direito humano&#8221;"},"content":{"rendered":"<p><span class=\"padrao\">Na pr&oacute;xima ter&ccedil;a-feira, dia 18 de outubro, data da comemora&ccedil;&atilde;o do Dia Mundial da Democratiza&ccedil;&atilde;o da Comunica&ccedil;&atilde;o, est&aacute; prevista a divulga&ccedil;&atilde;o na internet da vers&atilde;o final da plataforma com as contribui&ccedil;&otilde;es para a Consulta P&uacute;blica sobre o Marco Regulat&oacute;rio das Comunica&ccedil;&otilde;es.<\/p>\n<p>Para aprofundar este debate os movimentos sociais e entidades civis organizaram o lan&ccedil;amento simb&oacute;lico nacional da &ldquo;Plataforma por um novo Marco Regulat&oacute;rio das Comunica&ccedil;&otilde;es no Brasil&rdquo;.<\/p>\n<p>No Rio de Janeiro, a Fale Rio (Frente Ampla pela Liberdade de Express&atilde;o e pelo Direito &agrave; Comunica&ccedil;&atilde;o &#8211; Estadual do Rio de Janeiro) organizou diversas atividades para a Semana pela Democratiza&ccedil;&atilde;o da Comunica&ccedil;&atilde;o, do dia 13 ao dia 20 de outubro<\/p>\n<p>Para saber sobre as principais reivindica&ccedil;&otilde;es e atividades desta semana, o Instituto Telecom, que tamb&eacute;m apoia o evento, conversou com um dos respons&aacute;veis pela organiza&ccedil;&atilde;o, Orlando Guilhon, Vice-Presidente da ARPUB (Associa&ccedil;&atilde;o das R&aacute;dios P&uacute;blicas do Brasil). Confira abaixo, a &igrave;ntegra da entrevista.<\/p>\n<p><strong>Quais s&atilde;o as principais atividades programadas pelo Fale Rio para a &ldquo;Semana pela Democratiza&ccedil;&atilde;o da Comunica&ccedil;&atilde;o&rdquo;?<\/strong><br \/>A FALE RIO &eacute; a Frente Ampla pela Liberdade de Express&atilde;o e pelo Direito &agrave; Comunica&ccedil;&atilde;o &#8211; Estadual do Rio de Janeiro, e congrega mais de 80 entidades da sociedade civil n&atilde;o empresarial: centrais sindicais, sindicatos, partidos, movimentos sociais, ong&#39;s, institutos, associa&ccedil;&otilde;es, entidades acad&ecirc;micas, r&aacute;dios e tv&#39;s comunit&aacute;rias, r&aacute;dios p&uacute;blicas, al&eacute;m de ativistas e militantes de luta pela democratiza&ccedil;&atilde;o da comunica&ccedil;&atilde;o em nosso Estado.<\/p>\n<p>Neste momento, estamos organizando v&aacute;rias atividades para a semana pela democratiza&ccedil;&atilde;o da comunica&ccedil;&atilde;o, do dia 13 a 20 de outubro, com debates e semin&aacute;rios em universidades e sindicatos e dois atos de rua. O primeiro, no dia 18 de outubro, Dia Mundial pela Democratiza&ccedil;&atilde;o da Comunica&ccedil;&atilde;o, &agrave;s 16 H, no Buraco do Lume (Rua S. Jos&eacute;), quando faremos o lan&ccedil;amento simb&oacute;lico da &#39;Plataforma por um novo Marco Regulat&oacute;rio das Comunica&ccedil;&otilde;es no Brasil&#39;. Este evento tamb&eacute;m ocorrer&aacute; em outras capitais e no Distrito Federal no mesmo dia.<\/p>\n<p>Ser&aacute; um ato pol&iacute;tico-l&uacute;dico-cultural. Teremos m&uacute;sica, dan&ccedil;a, teatro, poesia e algumas falas pol&iacute;ticas. J&aacute; no dia seguinte, 19\/10, &agrave;s 13 H, teremos a &#39;faxina&#39; na porta da TV Globo, na rua Von Martius. Iniciativa dos estudantes, que a FALE RIO decidiu apoiar. Afinal, a m&iacute;dia tem falado tanto em &#39;faxina&#39; no governo federal, que tal come&ccedil;armos tamb&eacute;m com uma faxina na m&iacute;dia?<\/p>\n<p><strong>No pa&iacute;s o movimento pela democratiza&ccedil;&atilde;o da comunica&ccedil;&atilde;o &eacute; antigo.Embora o pa&iacute;s esteja vivendo uma conjuntura nova com um governo que se apresenta mais prop&iacute;cio &agrave;s quest&otilde;es da comunica&ccedil;&atilde;o ainda s&atilde;o grandes os obst&aacute;culos para a cria&ccedil;&atilde;o do Marco Regulat&oacute;rio das Comunica&ccedil;&otilde;es. Qual a vis&atilde;o do Fale Rio com rela&ccedil;&atilde;o a atua&ccedil;&atilde;o do novo governo, do Minicom e a resist&ecirc;ncia que ainda existe &agrave; cria&ccedil;&atilde;o deste marco?<\/strong><br \/>O atual Governo Federal tem anunciado uma pol&iacute;tica mais ativa na &aacute;rea das Comunica&ccedil;&otilde;es, mas por enquanto a iniciativa tem ficado muito aqu&eacute;m das expectativas&#8230;O Plano Nacional de Banda Larga tem sido &#39;desfigurado&#39;, e mais parece uma proposta de banda curta, cara e s&oacute; para alguns. O texto oficial sobre o novo Marco Regulat&oacute;rio das Comunica&ccedil;&otilde;es, deixado pela equipe do ex- Ministro Franklin Martins, at&eacute; hoje n&atilde;o veio a p&uacute;blico, e j&aacute; estamos no d&eacute;cimo m&ecirc;s do novo governo. O que se percebe &eacute; que o governo federal est&aacute; em disputa, entre for&ccedil;as pol&iacute;ticas mais progressistas e for&ccedil;as mais conservadoras e de centro. Parece que o governo tem receio que uma iniciativa de regulamentar as comunica&ccedil;&otilde;es no Brasil possa ser compreendida como uma atitude de censura (esta &eacute; a tese das empresas privadas de comunica&ccedil;&atilde;o), e vacila entre ir adiante com o debate ou deix&aacute;-lo na geladeira.Se n&atilde;o houver press&atilde;o da sociedade, n&atilde;o haver&aacute; um novo Marco Regulat&oacute;rio das Comunica&ccedil;&otilde;es.<\/p>\n<p><strong>Como os movimentos sociais e entidades civis podem participar de maneira efetiva nas decis&otilde;es do governo sobre a comunica&ccedil;&atilde;o do pa&iacute;s?<\/strong><br \/>A FALE RIO, por exemplo, re&uacute;ne-se mensalmente em grandes plen&aacute;rias, no audit&oacute;rio do Sindicato dos Jornalistas Profissionais do Munic&iacute;pio do Rio de Janeiro (Rua Evaristo da Veiga, n. 16, 17o. andar), onde discute suas atividades e propostas de luta. Em geral, nos reunimos nas primeiras segundas de cada m&ecirc;s. Excepcionalmente, no m&ecirc;s de novembro, vamos nos reunir no dia 08, uma ter&ccedil;a. Nossas atividades e iniciativas est&atilde;o <a href=\"http:\/\/www.falerio.org.br\">no nosso site<\/a>.<\/p>\n<p>Ajudamos a organizar tr&ecirc;s Frentes Parlamentares (Nacional, Estadual e Municipal do Rio), organizamos debates e atividades de rua, produzimos materiais de divulga&ccedil;&atilde;o (panfletos, boletins, spots de &aacute;udio e v&iacute;deo, etc).<\/p>\n<p><strong>Vivemos sobre o paradigma da sociedade da informa&ccedil;&atilde;o e o fen&ocirc;meno da converg&ecirc;ncia digital, onde o acesso &agrave;s novas tecnologias de informa&ccedil;&atilde;o e comunica&ccedil;&atilde;o s&atilde;o princ&iacute;pios b&aacute;sicos para a inclus&atilde;o social. No Brasil, quais s&atilde;o as principais reivindica&ccedil;&otilde;es da sociedade civil com rela&ccedil;&atilde;o &agrave;s pol&iacute;ticas p&uacute;blicas de comunica&ccedil;&atilde;o?<\/strong><br \/>Nossas principais reivindica&ccedil;&otilde;es est&atilde;o no texto da <a href=\"http:\/\/www.comunicacaodemocratica.org.br\">Plataforma por um novo Marco Regulat&oacute;rio das Comunica&ccedil;&otilde;es<\/a>  que esteve em consulta p&uacute;blica at&eacute; o dia 07 de outubro, e cuja vers&atilde;o atualizada ser&aacute; lan&ccedil;ada nacionalmente em 18 de outubro. Queremos que os artigos 220 a 224 da Constitui&ccedil;&atilde;o Federal sejam regulamentados, queremos a revis&atilde;o da atual Lei da Radiodifus&atilde;o Comunit&aacute;ria, queremos um Conselho Nacional de Comunica&ccedil;&atilde;o que seja deliberativo e com representa&ccedil;&atilde;o dos poderes p&uacute;blicos e da sociedade civil, queremos uma banda larga barata, para todos e de boa qualidade. Queremos o fortalecimento da comunica&ccedil;&atilde;o p&uacute;blica, enfim, queremos que a comunica&ccedil;&atilde;o seja tratada em nosso pa&iacute;s como um direito humano.<\/p>\n<p><strong>A realiza&ccedil;&atilde;o da I Confecom em 2009 foi uma grande conquista da sociedade civil e j&aacute; existe um movimento para rearticular uma segunda Pr&oacute;-Confer&ecirc;ncia Nacional de Comunica&ccedil;&atilde;o (Confecom). Quase dois anos depois da confer&ecirc;ncia o que mudou? Por qu&ecirc; uma nova Confecom?<\/strong><br \/>N&atilde;o temos uma posi&ccedil;&atilde;o debatida na FALE RIO, no tocante a uma pr&oacute;xima CONFECOM.&Eacute; claro que somos a favor que exista uma CONFECOM, periodicamente, e que n&atilde;o se leve mais de 60 anos para realizarmos a pr&oacute;xima&#8230; Mas, n&atilde;o me parece que esta seja uma prioridade, no momento. Muito mais importante &eacute; pressionar para que os Poderes P&uacute;blicos executem e implementem, de fato, as mais de 600 propostas aprovadas na I CONFECOM, em dezembro de 2009.Para qu&ecirc; gastar tempo, energia e recursos para fazermos uma nova CONFECOM agora, se tudo o que conseguimos aprovar sequer saiu do papel?<\/p>\n<p><strong>Em sua opini&atilde;o, qual a import&acirc;ncia da universaliza&ccedil;&atilde;o da banda larga e do Plano Nacional de Banda Larga para o processo de democratiza&ccedil;&atilde;o da comunica&ccedil;&atilde;o brasileira?<\/strong><br \/>A Internet &eacute; uma poderosa ferramenta de democratiza&ccedil;&atilde;o da comunica&ccedil;&atilde;o hoje, pois ela transforma todo cidad&atilde;o num produtor de informa&ccedil;&atilde;o e de cultura. Mas, para que isso se torne totalmente realidade, &eacute; necess&aacute;rio garantirmos uma Banda Larga que seja efetivamente barata, de boa qualidade e com acesso garantido para todos (universaliza&ccedil;&atilde;o). Entendemos que isso s&oacute; acontecer&aacute; se ela for implementada em &#39;regime p&uacute;blico&#39;, o que n&atilde;o quer dizer que as teles privadas n&atilde;o possam contribuir, mas do jeito que o governo federal est&aacute; desenhando o projeto parece que ele acredita nas boas inten&ccedil;&otilde;es das teles privadas, que n&atilde;o parecem estar interessadas em levar a banda larga para as regi&otilde;es de dif&iacute;cil acesso em nosso pa&iacute;s.<\/p>\n<p><strong>Como as pessoas e representantes de entidades civis podem participar da &ldquo;Semana pela Democratiza&ccedil;&atilde;o da Comunica&ccedil;&atilde;o&rdquo;?<\/strong><br \/>No nosso site www.falerio.org.br cont&eacute;m as informa&ccedil;&otilde;es principais de como cada cidad&atilde;o pode participar de nossas lutas e nossas atividades, em particular as da Semana pela Democratiza&ccedil;&atilde;o da Comunica&ccedil;&atilde;o. Mas, sem d&uacute;vida, nossa principal atividade ser&aacute; o ato do dia 18 de outubro, no Buraco do Lume, a partir das 16H, Dia Mundial da Democratiza&ccedil;&atilde;o da Comunica&ccedil;&atilde;o.<\/span><\/p>\n","protected":false},"excerpt":{"rendered":"<p><span class=\"padrao\">Vice-presidente da Arpub fale sobre as a&ccedil;&otilde;es da Semana pela Democratiza&ccedil;&atilde;o da Comunica&ccedil;&atilde;o&nbsp; <\/span><\/p>\n","protected":false},"author":1,"featured_media":0,"comment_status":"open","ping_status":"open","sticky":false,"template":"","format":"standard","meta":{"footnotes":""},"categories":[43],"tags":[1587],"_links":{"self":[{"href":"https:\/\/obscom.intervozes.org.br\/index.php?rest_route=\/wp\/v2\/posts\/26229"}],"collection":[{"href":"https:\/\/obscom.intervozes.org.br\/index.php?rest_route=\/wp\/v2\/posts"}],"about":[{"href":"https:\/\/obscom.intervozes.org.br\/index.php?rest_route=\/wp\/v2\/types\/post"}],"author":[{"embeddable":true,"href":"https:\/\/obscom.intervozes.org.br\/index.php?rest_route=\/wp\/v2\/users\/1"}],"replies":[{"embeddable":true,"href":"https:\/\/obscom.intervozes.org.br\/index.php?rest_route=%2Fwp%2Fv2%2Fcomments&post=26229"}],"version-history":[{"count":0,"href":"https:\/\/obscom.intervozes.org.br\/index.php?rest_route=\/wp\/v2\/posts\/26229\/revisions"}],"wp:attachment":[{"href":"https:\/\/obscom.intervozes.org.br\/index.php?rest_route=%2Fwp%2Fv2%2Fmedia&parent=26229"}],"wp:term":[{"taxonomy":"category","embeddable":true,"href":"https:\/\/obscom.intervozes.org.br\/index.php?rest_route=%2Fwp%2Fv2%2Fcategories&post=26229"},{"taxonomy":"post_tag","embeddable":true,"href":"https:\/\/obscom.intervozes.org.br\/index.php?rest_route=%2Fwp%2Fv2%2Ftags&post=26229"}],"curies":[{"name":"wp","href":"https:\/\/api.w.org\/{rel}","templated":true}]}}