{"id":26228,"date":"2011-10-11T16:21:35","date_gmt":"2011-10-11T16:21:35","guid":{"rendered":"https:\/\/obscom.intervozes.org.br\/wordpress\/?p=26228"},"modified":"2011-10-11T16:21:35","modified_gmt":"2011-10-11T16:21:35","slug":"reclamacoes-contra-servicos-de-telecom-tem-alta-em-agosto","status":"publish","type":"post","link":"https:\/\/obscom.intervozes.org.br\/?p=26228","title":{"rendered":"Reclama\u00e7\u00f5es contra servi\u00e7os de telecom t\u00eam alta em agosto"},"content":{"rendered":"<p><strong>Reda&ccedil;&atilde;o &#8211; Tele.S&iacute;ntese<\/strong><\/p>\n<p>As reclama&ccedil;&otilde;es contra os servi&ccedil;os de telecomunica&ccedil;&otilde;es na Anatel deram um salto no m&ecirc;s de agosto. As queixas registradas alcan&ccedil;aram 159,8 mil contra 146 mil anotadas no m&ecirc;s de julho. &Eacute; o pior resultado dos &uacute;ltimos 12 meses, superando as 159,5 mil reclama&ccedil;&otilde;es registradas em maio, at&eacute; ent&atilde;o o pior resultado, segundo dados da ag&ecirc;ncia.<\/p>\n<p>Os servi&ccedil;os m&oacute;veis, com maior base de dados, foram reclamados por 81,4 mil usu&aacute;rios ante as 74,4 mil queixas de julho. A telefonia fixa foi respons&aacute;vel por 48,4 mil reclama&ccedil;&otilde;es contra 44 mil do m&ecirc;s anterior. Os acessos &agrave; internet responderam por 19,2 mil queixas, resultado superior ao registrado em julho, quando anotou 17,8 mil. J&aacute; as reclama&ccedil;&otilde;es contra operadoras de TV por assinatura cresceram de 7,3 mil, em julho, para 7,7 mil, em agosto. Os outros servi&ccedil;os ficaram com 2,8 mil reclama&ccedil;&otilde;es contra 2,4 mil de agosto.<\/p>\n<p>Os principais motivos de reclama&ccedil;&otilde;es foram cobran&ccedil;a indevidas, servi&ccedil;os adicionais e atendimento, nos servi&ccedil;os m&oacute;veis; reparo, cobran&ccedil;a indevida, reparo e instala&ccedil;&atilde;o, na telefonia fixa; reparo, cobran&ccedil;a indevida e instala&ccedil;&atilde;o, nos acessos &agrave; internet; e cobran&ccedil;a indevida, reparo e cancelamento, nos servi&ccedil;os de TV por assinatura.(Da )<\/p>\n","protected":false},"excerpt":{"rendered":"<p>Reda&ccedil;&atilde;o &#8211; Tele.S&iacute;ntese As reclama&ccedil;&otilde;es contra os servi&ccedil;os de telecomunica&ccedil;&otilde;es na Anatel deram um salto no m&ecirc;s de agosto. As queixas registradas alcan&ccedil;aram 159,8 mil contra 146 mil anotadas no m&ecirc;s de julho. &Eacute; o pior resultado dos &uacute;ltimos 12 meses, superando as 159,5 mil reclama&ccedil;&otilde;es registradas em maio, at&eacute; ent&atilde;o o pior resultado, segundo &hellip; <a href=\"https:\/\/obscom.intervozes.org.br\/?p=26228\" class=\"more-link\">Continue lendo <span class=\"screen-reader-text\">Reclama\u00e7\u00f5es contra servi\u00e7os de telecom t\u00eam alta em agosto<\/span> <span class=\"meta-nav\">&rarr;<\/span><\/a><\/p>\n","protected":false},"author":1,"featured_media":0,"comment_status":"open","ping_status":"open","sticky":false,"template":"","format":"standard","meta":{"footnotes":""},"categories":[39],"tags":[],"_links":{"self":[{"href":"https:\/\/obscom.intervozes.org.br\/index.php?rest_route=\/wp\/v2\/posts\/26228"}],"collection":[{"href":"https:\/\/obscom.intervozes.org.br\/index.php?rest_route=\/wp\/v2\/posts"}],"about":[{"href":"https:\/\/obscom.intervozes.org.br\/index.php?rest_route=\/wp\/v2\/types\/post"}],"author":[{"embeddable":true,"href":"https:\/\/obscom.intervozes.org.br\/index.php?rest_route=\/wp\/v2\/users\/1"}],"replies":[{"embeddable":true,"href":"https:\/\/obscom.intervozes.org.br\/index.php?rest_route=%2Fwp%2Fv2%2Fcomments&post=26228"}],"version-history":[{"count":0,"href":"https:\/\/obscom.intervozes.org.br\/index.php?rest_route=\/wp\/v2\/posts\/26228\/revisions"}],"wp:attachment":[{"href":"https:\/\/obscom.intervozes.org.br\/index.php?rest_route=%2Fwp%2Fv2%2Fmedia&parent=26228"}],"wp:term":[{"taxonomy":"category","embeddable":true,"href":"https:\/\/obscom.intervozes.org.br\/index.php?rest_route=%2Fwp%2Fv2%2Fcategories&post=26228"},{"taxonomy":"post_tag","embeddable":true,"href":"https:\/\/obscom.intervozes.org.br\/index.php?rest_route=%2Fwp%2Fv2%2Ftags&post=26228"}],"curies":[{"name":"wp","href":"https:\/\/api.w.org\/{rel}","templated":true}]}}