{"id":26226,"date":"2011-10-11T15:40:22","date_gmt":"2011-10-11T15:40:22","guid":{"rendered":"https:\/\/obscom.intervozes.org.br\/wordpress\/?p=26226"},"modified":"2011-10-11T15:40:22","modified_gmt":"2011-10-11T15:40:22","slug":"marco-maia-vai-sugerir-votacao-da-flexibilizacao-da-voz-do-brasil","status":"publish","type":"post","link":"https:\/\/obscom.intervozes.org.br\/?p=26226","title":{"rendered":"Marco Maia vai sugerir vota\u00e7\u00e3o da flexibiliza\u00e7\u00e3o da Voz do Brasil"},"content":{"rendered":"<p><span class=\"padrao\">O presidente da C&acirc;mara, Marco Maia, disse h&aacute; pouco que vai sugerir aos l&iacute;deres a vota&ccedil;&atilde;o, nesta semana, do projeto que torna mais flex&iacute;vel o hor&aacute;rio de transmiss&atilde;o do programa &quot;Voz do Brasil&quot; pelas emissoras de r&aacute;dio (PL 595\/03). A C&acirc;mara precisa analisar as emendas do Senado ao projeto. &ldquo;&Eacute; um projeto interessante que atende a uma demanda antiga da sociedade, que pedia uma condi&ccedil;&atilde;o diferente para a transmiss&atilde;o da Voz do Brasil nas r&aacute;dios do Pa&iacute;s. Havendo qu&oacute;rum e acordo entre os l&iacute;deres, n&oacute;s poderemos votar esta mat&eacute;ria nesta semana&rdquo;, disse Maia.<\/p>\n<p>Atualmente, o programa &eacute; transmitido em cadeia nacional &agrave;s 19 horas. Pelo projeto, a &ldquo;Voz do Brasil&rdquo; poder&aacute; ser veiculada por emissoras comerciais em hor&aacute;rios entre 19h e 22h; enquanto as r&aacute;dios educativas continuam obrigadas a transmitir o programa &agrave;s 19h, exceto quando houver autoriza&ccedil;&otilde;es especiais do Congresso Nacional.<\/p>\n<p>O presidente informou que a defini&ccedil;&atilde;o da pauta de hoje e de amanh&atilde; ainda vai depender de acordo entre os l&iacute;deres, e que h&aacute; v&aacute;rias propostas que poder&atilde;o ser analisadas. &ldquo;Temos a&iacute; o C&oacute;digo Brasileiro da Aeron&aacute;utica, os projetos que tratam da internet, como o Fust; os projetos ligados &agrave; Cultura e v&aacute;rios outros&rdquo;, disse o presidente da C&acirc;mara.<\/p>\n<p>MPs<\/p>\n<p>Marco Maia disse ainda que a Medida Provis&oacute;ria 540\/11 n&atilde;o ser&aacute; votada nesta semana. A medida faz parte do plano do governo de incentivo &agrave; ind&uacute;stria &ndash; o Brasil Maior. O presidente explicou que foi feito um acordo com os senadores para que a C&acirc;mara deixe de votar MPs e mantenha a pauta do Senado destrancada, para permitir a aprova&ccedil;&atilde;o do projeto sobre divis&atilde;o dos royalties que tramita naquela Casa. &ldquo;Eu tenho um acordo com o presidente do Senado, Jos&eacute; Sarney, de n&atilde;o enviarmos nenhuma medida provis&oacute;ria enquanto n&atilde;o resolver o tema dos royalties. A minha inten&ccedil;&atilde;o e a dos l&iacute;deres &eacute; manter esse acordo&rdquo;, disse Marco Maia.<\/span><\/p>\n<p>&nbsp;<\/p>\n","protected":false},"excerpt":{"rendered":"<p>O presidente da C&acirc;mara, Marco Maia, disse h&aacute; pouco que vai sugerir aos l&iacute;deres a vota&ccedil;&atilde;o, nesta semana, do projeto que torna mais flex&iacute;vel o hor&aacute;rio de transmiss&atilde;o do programa &quot;Voz do Brasil&quot; pelas emissoras de r&aacute;dio (PL 595\/03). A C&acirc;mara precisa analisar as emendas do Senado ao projeto. &ldquo;&Eacute; um projeto interessante que atende &hellip; <a href=\"https:\/\/obscom.intervozes.org.br\/?p=26226\" class=\"more-link\">Continue lendo <span class=\"screen-reader-text\">Marco Maia vai sugerir vota\u00e7\u00e3o da flexibiliza\u00e7\u00e3o da Voz do Brasil<\/span> <span class=\"meta-nav\">&rarr;<\/span><\/a><\/p>\n","protected":false},"author":1,"featured_media":0,"comment_status":"open","ping_status":"open","sticky":false,"template":"","format":"standard","meta":{"footnotes":""},"categories":[40],"tags":[446],"_links":{"self":[{"href":"https:\/\/obscom.intervozes.org.br\/index.php?rest_route=\/wp\/v2\/posts\/26226"}],"collection":[{"href":"https:\/\/obscom.intervozes.org.br\/index.php?rest_route=\/wp\/v2\/posts"}],"about":[{"href":"https:\/\/obscom.intervozes.org.br\/index.php?rest_route=\/wp\/v2\/types\/post"}],"author":[{"embeddable":true,"href":"https:\/\/obscom.intervozes.org.br\/index.php?rest_route=\/wp\/v2\/users\/1"}],"replies":[{"embeddable":true,"href":"https:\/\/obscom.intervozes.org.br\/index.php?rest_route=%2Fwp%2Fv2%2Fcomments&post=26226"}],"version-history":[{"count":0,"href":"https:\/\/obscom.intervozes.org.br\/index.php?rest_route=\/wp\/v2\/posts\/26226\/revisions"}],"wp:attachment":[{"href":"https:\/\/obscom.intervozes.org.br\/index.php?rest_route=%2Fwp%2Fv2%2Fmedia&parent=26226"}],"wp:term":[{"taxonomy":"category","embeddable":true,"href":"https:\/\/obscom.intervozes.org.br\/index.php?rest_route=%2Fwp%2Fv2%2Fcategories&post=26226"},{"taxonomy":"post_tag","embeddable":true,"href":"https:\/\/obscom.intervozes.org.br\/index.php?rest_route=%2Fwp%2Fv2%2Ftags&post=26226"}],"curies":[{"name":"wp","href":"https:\/\/api.w.org\/{rel}","templated":true}]}}