{"id":26225,"date":"2011-10-11T15:37:48","date_gmt":"2011-10-11T15:37:48","guid":{"rendered":"https:\/\/obscom.intervozes.org.br\/wordpress\/?p=26225"},"modified":"2011-10-11T15:37:48","modified_gmt":"2011-10-11T15:37:48","slug":"ministra-iriny-lopes-reafirma-disposicao-de-dialogo-com-a-midia","status":"publish","type":"post","link":"https:\/\/obscom.intervozes.org.br\/?p=26225","title":{"rendered":"Ministra Iriny Lopes reafirma disposi\u00e7\u00e3o de di\u00e1logo com a m\u00eddia"},"content":{"rendered":"<p><span class=\"padrao\">Iriny Lopes &eacute; a ministra do governo Dilma que mais vem enfrentando cr&iacute;ticas na m&iacute;dia nas &uacute;ltimas semanas por conta de suas iniciativas &agrave; frente da Secretaria de Pol&iacute;ticas para as Mulheres (SPM), ao se posicionar diante de casos recentes de sexismo na m&iacute;dia &ndash; campanha &ldquo;Hope ensina&rdquo;, viol&ecirc;ncia dom&eacute;stica na novela &ldquo;Fina Estampa&rdquo; e ass&eacute;dio sexual no quadro &ldquo;Metr&ocirc; Zorra Brasil&rdquo;, ambos da Rede Globo.<\/p>\n<p>Mas, mesmo diante das rea&ccedil;&otilde;es negativas e das duras cr&iacute;ticas a essas iniciativas, que inclu&iacute;ram at&eacute; ofensas pessoais, a ministra Iriny Lopes manteve a disposi&ccedil;&atilde;o de debater ideias, propostas e posicionamentos nas entrevistas a v&aacute;rios ve&iacute;culos de imprensa. Em todas respondeu aos mesmos questionamentos: houve censura? tentativa de interfer&ecirc;ncia? falta de humor?<\/p>\n<p><strong>Uma mudan&ccedil;a de perspectiva dos jornais?<\/strong><\/p>\n<p>Ap&oacute;s as primeiras rea&ccedil;&otilde;es negativas &agrave; ministra e &agrave; SPM, nos &uacute;ltimos dias a imprensa tem aberto espa&ccedil;o para uma nova abordagem da pol&ecirc;mica, desta vez a partir de uma perspectiva de fato jornal&iacute;stica.<\/p>\n<p>Ser&aacute; que o comportamento vexat&oacute;rio de alguns colunistas e rep&oacute;rteres teria provocado reflex&atilde;o nas reda&ccedil;&otilde;es? As refer&ecirc;ncias desrespeitosas &agrave; ministra Iriny Lopes e as ofensas pessoais expuseram as v&iacute;sceras do sexismo ainda reinante nas reda&ccedil;&otilde;es?<\/p>\n<p>Na cobertura da pol&ecirc;mica sobre a publicidade da Hope entraram tamb&eacute;m em discuss&atilde;o os limites &eacute;ticos do jornalismo. <\/span><\/p>\n<p>&nbsp;<\/p>\n","protected":false},"excerpt":{"rendered":"<p>Iriny Lopes &eacute; a ministra do governo Dilma que mais vem enfrentando cr&iacute;ticas na m&iacute;dia nas &uacute;ltimas semanas por conta de suas iniciativas &agrave; frente da Secretaria de Pol&iacute;ticas para as Mulheres (SPM), ao se posicionar diante de casos recentes de sexismo na m&iacute;dia &ndash; campanha &ldquo;Hope ensina&rdquo;, viol&ecirc;ncia dom&eacute;stica na novela &ldquo;Fina Estampa&rdquo; e &hellip; <a href=\"https:\/\/obscom.intervozes.org.br\/?p=26225\" class=\"more-link\">Continue lendo <span class=\"screen-reader-text\">Ministra Iriny Lopes reafirma disposi\u00e7\u00e3o de di\u00e1logo com a m\u00eddia<\/span> <span class=\"meta-nav\">&rarr;<\/span><\/a><\/p>\n","protected":false},"author":1,"featured_media":0,"comment_status":"open","ping_status":"open","sticky":false,"template":"","format":"standard","meta":{"footnotes":""},"categories":[40],"tags":[271],"_links":{"self":[{"href":"https:\/\/obscom.intervozes.org.br\/index.php?rest_route=\/wp\/v2\/posts\/26225"}],"collection":[{"href":"https:\/\/obscom.intervozes.org.br\/index.php?rest_route=\/wp\/v2\/posts"}],"about":[{"href":"https:\/\/obscom.intervozes.org.br\/index.php?rest_route=\/wp\/v2\/types\/post"}],"author":[{"embeddable":true,"href":"https:\/\/obscom.intervozes.org.br\/index.php?rest_route=\/wp\/v2\/users\/1"}],"replies":[{"embeddable":true,"href":"https:\/\/obscom.intervozes.org.br\/index.php?rest_route=%2Fwp%2Fv2%2Fcomments&post=26225"}],"version-history":[{"count":0,"href":"https:\/\/obscom.intervozes.org.br\/index.php?rest_route=\/wp\/v2\/posts\/26225\/revisions"}],"wp:attachment":[{"href":"https:\/\/obscom.intervozes.org.br\/index.php?rest_route=%2Fwp%2Fv2%2Fmedia&parent=26225"}],"wp:term":[{"taxonomy":"category","embeddable":true,"href":"https:\/\/obscom.intervozes.org.br\/index.php?rest_route=%2Fwp%2Fv2%2Fcategories&post=26225"},{"taxonomy":"post_tag","embeddable":true,"href":"https:\/\/obscom.intervozes.org.br\/index.php?rest_route=%2Fwp%2Fv2%2Ftags&post=26225"}],"curies":[{"name":"wp","href":"https:\/\/api.w.org\/{rel}","templated":true}]}}