{"id":26218,"date":"2011-10-10T14:49:35","date_gmt":"2011-10-10T14:49:35","guid":{"rendered":"https:\/\/obscom.intervozes.org.br\/wordpress\/?p=26218"},"modified":"2011-10-10T14:49:35","modified_gmt":"2011-10-10T14:49:35","slug":"mexico-cria-observatorio-para-denunciar-discriminacao-nos-meios-de-comunicacao","status":"publish","type":"post","link":"https:\/\/obscom.intervozes.org.br\/?p=26218","title":{"rendered":"M\u00e9xico cria Observat\u00f3rio para denunciar discrimina\u00e7\u00e3o nos meios de comunica\u00e7\u00e3o"},"content":{"rendered":"<p><span class=\"padrao\">Por origem &eacute;tnica, g&ecirc;nero, prefer&ecirc;ncia sexual, descapacitados, condi&ccedil;&atilde;o social e de sa&uacute;de, religi&atilde;o, opini&otilde;es, estado civil. Para discriminar existe sempre um motivo. Mas as consequ&ecirc;ncias s&atilde;o sempre as mesmas: atenta contra a dignidade humana, pisoteia os direitos e liberdades, al&eacute;m de incitar a viol&ecirc;ncia f&iacute;sica e psicol&oacute;gica. Agora, o que acontece quando os meios de comunica&ccedil;&atilde;o emitem conte&uacute;dos degenerativos? A resposta &eacute; que a discrimina&ccedil;&atilde;o se difunde e se fomenta em grande escala ao grau de converter estas pr&aacute;ticas em situa&ccedil;&otilde;es aceitas e cometidas.<\/p>\n<p>Para contra-atacar esta situa&ccedil;&atilde;o, foi lan&ccedil;ado o Observat&oacute;rio Rostos da Discrimina&ccedil;&atilde;o (ORD), por iniciativa da Comiss&atilde;o de Direitos Humanos do Distrito Federal e do Alto Comissionado das Na&ccedil;&otilde;es Unidas para os Direitos Humanos (OACNUDH), no M&eacute;xico, em parceria com o Instituto Mexicano de Radio, a Universidade Iberoamericana e as Funda&ccedil;&otilde;es Manuel Buend&iacute;a (FMB) e Calaretiza AC.<\/p>\n<p>Atrav&eacute;s de um mini-site e das redes sociais, o ORD permitir&aacute; que todo o p&uacute;blico evidencie an&uacute;ncios impressos, v&iacute;deos, declara&ccedil;&otilde;es e personagens p&uacute;blicos ou qualquer mensagem discriminat&oacute;ria nos meios de comunica&ccedil;&atilde;o e publicit&aacute;rio. Dentro de um ano, os organizadores realizar&atilde;o um informe com a sele&ccedil;&atilde;o dos melhores exemplos de discrimina&ccedil;&atilde;o e mostrar&atilde;o os cidad&atilde;os mais envolvidos com Observadores pela N&atilde;o Discrimina&ccedil;&atilde;o.<\/p>\n<p>O observat&oacute;rio convida a publicar casos como o comercial de chocolate em que a atriz Anah&iacute; interpreta uma jovem que quando n&atilde;o come comporta-se como &quot;uma crian&ccedil;a&rdquo;; as campanhas de um desodorante onde o homem se mostra como um dominador de qualquer mulher; ou a declara&ccedil;&atilde;o de um deputado do Partido &ldquo;A&ccedil;&atilde;o Nacional&rdquo; em que assegura que a sociedade de Quer&eacute;taro &ldquo;n&atilde;o est&aacute; preparada&rdquo; para ter candidatos homossexuais em postos pol&iacute;ticos.<\/p>\n<p>Em sua p&aacute;gina no Fecebook, o Observat&oacute;rio classifica e d&aacute; uma explica&ccedil;&atilde;o de como as mensagens rastreadas pelo p&uacute;blico s&atilde;o atos discriminat&oacute;rios. Por exemplo, um post acerca do programa de televis&atilde;o Las Lavanderas: o ORD explica que umas das condutoras questiona a dignidade de uma mulher ao rotular como &quot;prostitutas&rdquo; companheiras que trabalham em uma emissora por usar um determinado tipo de roupa &iacute;ntima.<\/p>\n<p>Esta iniciativa, foi dito durante a apresenta&ccedil;&atilde;o do ORD na ter&ccedil;a-feira (04), contribui a &quot;conformar setores cidad&atilde;os mais cr&iacute;ticos e informados, com maior capacidade de exigir e, sobretudo, promotores de igualdade para todos os grupos da popula&ccedil;&atilde;o&rdquo;. Para eles, os interessados podem participar no Fecebook: Observatorio de Rostros de la Discriminaci&oacute;n ou no Twitter: @observatorioRD.<\/p>\n<p><a href=\"http:\/\/www.hchr.org.mx\/rostrosdeladiscriminacion \">O Site<\/a>  e o <a href=\"mailto:observatoriord@gmail.com\">e-mail<\/a>  tamb&eacute;m est&atilde;o dispon&iacute;veis para o p&uacute;blico.<\/span><\/p>\n","protected":false},"excerpt":{"rendered":"<p>Por origem &eacute;tnica, g&ecirc;nero, prefer&ecirc;ncia sexual, descapacitados, condi&ccedil;&atilde;o social e de sa&uacute;de, religi&atilde;o, opini&otilde;es, estado civil. Para discriminar existe sempre um motivo. Mas as consequ&ecirc;ncias s&atilde;o sempre as mesmas: atenta contra a dignidade humana, pisoteia os direitos e liberdades, al&eacute;m de incitar a viol&ecirc;ncia f&iacute;sica e psicol&oacute;gica. Agora, o que acontece quando os meios de &hellip; <a href=\"https:\/\/obscom.intervozes.org.br\/?p=26218\" class=\"more-link\">Continue lendo <span class=\"screen-reader-text\">M\u00e9xico cria Observat\u00f3rio para denunciar discrimina\u00e7\u00e3o nos meios de comunica\u00e7\u00e3o<\/span> <span class=\"meta-nav\">&rarr;<\/span><\/a><\/p>\n","protected":false},"author":1,"featured_media":0,"comment_status":"open","ping_status":"open","sticky":false,"template":"","format":"standard","meta":{"footnotes":""},"categories":[40],"tags":[291],"_links":{"self":[{"href":"https:\/\/obscom.intervozes.org.br\/index.php?rest_route=\/wp\/v2\/posts\/26218"}],"collection":[{"href":"https:\/\/obscom.intervozes.org.br\/index.php?rest_route=\/wp\/v2\/posts"}],"about":[{"href":"https:\/\/obscom.intervozes.org.br\/index.php?rest_route=\/wp\/v2\/types\/post"}],"author":[{"embeddable":true,"href":"https:\/\/obscom.intervozes.org.br\/index.php?rest_route=\/wp\/v2\/users\/1"}],"replies":[{"embeddable":true,"href":"https:\/\/obscom.intervozes.org.br\/index.php?rest_route=%2Fwp%2Fv2%2Fcomments&post=26218"}],"version-history":[{"count":0,"href":"https:\/\/obscom.intervozes.org.br\/index.php?rest_route=\/wp\/v2\/posts\/26218\/revisions"}],"wp:attachment":[{"href":"https:\/\/obscom.intervozes.org.br\/index.php?rest_route=%2Fwp%2Fv2%2Fmedia&parent=26218"}],"wp:term":[{"taxonomy":"category","embeddable":true,"href":"https:\/\/obscom.intervozes.org.br\/index.php?rest_route=%2Fwp%2Fv2%2Fcategories&post=26218"},{"taxonomy":"post_tag","embeddable":true,"href":"https:\/\/obscom.intervozes.org.br\/index.php?rest_route=%2Fwp%2Fv2%2Ftags&post=26218"}],"curies":[{"name":"wp","href":"https:\/\/api.w.org\/{rel}","templated":true}]}}