{"id":26216,"date":"2011-10-10T14:29:04","date_gmt":"2011-10-10T14:29:04","guid":{"rendered":"https:\/\/obscom.intervozes.org.br\/wordpress\/?p=26216"},"modified":"2011-10-10T14:29:04","modified_gmt":"2011-10-10T14:29:04","slug":"sardenberg-e-comunicado-que-esta-fora-nomes-de-bechara-e-zerboni-ja-estao-no-palacio-do-planalto","status":"publish","type":"post","link":"https:\/\/obscom.intervozes.org.br\/?p=26216","title":{"rendered":"Sardenberg \u00e9 comunicado que est\u00e1 fora. Nomes de Bechara e Zerboni j\u00e1 est\u00e3o no Pal\u00e1cio do Planalto"},"content":{"rendered":"<p><span class=\"padrao\"><strong>Miriam Aquino &#8211; Tele.S&iacute;ntese<\/strong><\/p>\n<p>A sucess&atilde;o na Anatel vai ter seu desfecho na pr&oacute;xima semana. Ontem, o presidente da Anatel, Ronaldo Sardenberg, foi formalmente comunicado pelo ministro das Comunica&ccedil;&otilde;es, Paulo Bernardo, que n&atilde;o ser&aacute; reconduzido para mais um mandato. Sardenberg toca sua agenda como presidente at&eacute; o &uacute;ltimo dia. Hoje est&aacute; em Bel&eacute;m em reuni&atilde;o com representantes das for&ccedil;as militares e na pr&oacute;xima ter&ccedil;a participa de audi&ecirc;ncia p&uacute;blica em Manaus.<\/p>\n<p>Conforme havia antecipado o Tele.S&iacute;ntese, os dois nomes escolhidos pelo governo Dilma Rousseff para compor a diretoria da Anatel ser&atilde;o dois jovens advogados: Marcelo Bechara, atual procurador geral da Anatel; e Rodrigo Zerbone, consultor Jur&iacute;dico do Minist&eacute;rio das Comunica&ccedil;&otilde;es. Para a presid&ecirc;ncia, assume o ex-chefe de gabinte de Paulo Bernardo, Jo&atilde;o Baptista Rezende. Os nomes dos dois futuros conselheiros j&aacute; est&atilde;o no Pal&aacute;cio do Planalto e dever&atilde;o ser enviados pela presidente Dilma Rousseff para a aprova&ccedil;&atilde;o do&nbsp; Senado Federal na pr&oacute;xima ter&ccedil;a-feira. O mandato de Sardenberg acaba no dia 5 de novembro, quando tamb&eacute;m se completa um ano que est&aacute; vaga a outra cadeira do conselho.<\/span><\/p>\n","protected":false},"excerpt":{"rendered":"<p>Miriam Aquino &#8211; Tele.S&iacute;ntese A sucess&atilde;o na Anatel vai ter seu desfecho na pr&oacute;xima semana. Ontem, o presidente da Anatel, Ronaldo Sardenberg, foi formalmente comunicado pelo ministro das Comunica&ccedil;&otilde;es, Paulo Bernardo, que n&atilde;o ser&aacute; reconduzido para mais um mandato. Sardenberg toca sua agenda como presidente at&eacute; o &uacute;ltimo dia. Hoje est&aacute; em Bel&eacute;m em reuni&atilde;o &hellip; <a href=\"https:\/\/obscom.intervozes.org.br\/?p=26216\" class=\"more-link\">Continue lendo <span class=\"screen-reader-text\">Sardenberg \u00e9 comunicado que est\u00e1 fora. Nomes de Bechara e Zerboni j\u00e1 est\u00e3o no Pal\u00e1cio do Planalto<\/span> <span class=\"meta-nav\">&rarr;<\/span><\/a><\/p>\n","protected":false},"author":1,"featured_media":0,"comment_status":"open","ping_status":"open","sticky":false,"template":"","format":"standard","meta":{"footnotes":""},"categories":[39],"tags":[],"_links":{"self":[{"href":"https:\/\/obscom.intervozes.org.br\/index.php?rest_route=\/wp\/v2\/posts\/26216"}],"collection":[{"href":"https:\/\/obscom.intervozes.org.br\/index.php?rest_route=\/wp\/v2\/posts"}],"about":[{"href":"https:\/\/obscom.intervozes.org.br\/index.php?rest_route=\/wp\/v2\/types\/post"}],"author":[{"embeddable":true,"href":"https:\/\/obscom.intervozes.org.br\/index.php?rest_route=\/wp\/v2\/users\/1"}],"replies":[{"embeddable":true,"href":"https:\/\/obscom.intervozes.org.br\/index.php?rest_route=%2Fwp%2Fv2%2Fcomments&post=26216"}],"version-history":[{"count":0,"href":"https:\/\/obscom.intervozes.org.br\/index.php?rest_route=\/wp\/v2\/posts\/26216\/revisions"}],"wp:attachment":[{"href":"https:\/\/obscom.intervozes.org.br\/index.php?rest_route=%2Fwp%2Fv2%2Fmedia&parent=26216"}],"wp:term":[{"taxonomy":"category","embeddable":true,"href":"https:\/\/obscom.intervozes.org.br\/index.php?rest_route=%2Fwp%2Fv2%2Fcategories&post=26216"},{"taxonomy":"post_tag","embeddable":true,"href":"https:\/\/obscom.intervozes.org.br\/index.php?rest_route=%2Fwp%2Fv2%2Ftags&post=26216"}],"curies":[{"name":"wp","href":"https:\/\/api.w.org\/{rel}","templated":true}]}}