{"id":26214,"date":"2011-10-07T17:52:40","date_gmt":"2011-10-07T17:52:40","guid":{"rendered":"https:\/\/obscom.intervozes.org.br\/wordpress\/?p=26214"},"modified":"2011-10-07T17:52:40","modified_gmt":"2011-10-07T17:52:40","slug":"i-encontro-nacional-do-direito-a-comunicacao-sera-realizado-em-pernambuco-ano-que-vem","status":"publish","type":"post","link":"https:\/\/obscom.intervozes.org.br\/?p=26214","title":{"rendered":"I Encontro Nacional do Direito \u00e0 Comunica\u00e7\u00e3o ser\u00e1 realizado em Pernambuco ano que vem"},"content":{"rendered":"\n<p style=\"margin-bottom: 0cm\" class=\"western\">Est&aacute; previsto para o in&iacute;cio de fevereiro, em Pernambuco, o I Encontro Nacional do Direito &agrave; Comunica&ccedil;&atilde;o. Centro de Cultura Luiz Freire, Associa&ccedil;&atilde;o Brasileira de Radiodifus&atilde;o Comunit&aacute;ria (Abra&ccedil;o), Au&ccedil;uba, F&oacute;rum Pernambucano de Comunica&ccedil;&atilde;o, F&oacute;rum de Mulheres, universidades, ONGs da capital e do interior s&atilde;o algumas das entidades do estado que est&atilde;o &agrave; frente do planejamento do evento. Em breve mais informa&ccedil;&otilde;es.<\/p>\n","protected":false},"excerpt":{"rendered":"<p>Est&aacute; previsto para o in&iacute;cio de fevereiro, em Pernambuco, o I Encontro Nacional do Direito &agrave; Comunica&ccedil;&atilde;o. Centro de Cultura Luiz Freire, Associa&ccedil;&atilde;o Brasileira de Radiodifus&atilde;o Comunit&aacute;ria (Abra&ccedil;o), Au&ccedil;uba, F&oacute;rum Pernambucano de Comunica&ccedil;&atilde;o, F&oacute;rum de Mulheres, universidades, ONGs da capital e do interior s&atilde;o algumas das entidades do estado que est&atilde;o &agrave; frente do planejamento &hellip; <a href=\"https:\/\/obscom.intervozes.org.br\/?p=26214\" class=\"more-link\">Continue lendo <span class=\"screen-reader-text\">I Encontro Nacional do Direito \u00e0 Comunica\u00e7\u00e3o ser\u00e1 realizado em Pernambuco ano que vem<\/span> <span class=\"meta-nav\">&rarr;<\/span><\/a><\/p>\n","protected":false},"author":1,"featured_media":0,"comment_status":"open","ping_status":"open","sticky":false,"template":"","format":"standard","meta":{"footnotes":""},"categories":[39],"tags":[],"_links":{"self":[{"href":"https:\/\/obscom.intervozes.org.br\/index.php?rest_route=\/wp\/v2\/posts\/26214"}],"collection":[{"href":"https:\/\/obscom.intervozes.org.br\/index.php?rest_route=\/wp\/v2\/posts"}],"about":[{"href":"https:\/\/obscom.intervozes.org.br\/index.php?rest_route=\/wp\/v2\/types\/post"}],"author":[{"embeddable":true,"href":"https:\/\/obscom.intervozes.org.br\/index.php?rest_route=\/wp\/v2\/users\/1"}],"replies":[{"embeddable":true,"href":"https:\/\/obscom.intervozes.org.br\/index.php?rest_route=%2Fwp%2Fv2%2Fcomments&post=26214"}],"version-history":[{"count":0,"href":"https:\/\/obscom.intervozes.org.br\/index.php?rest_route=\/wp\/v2\/posts\/26214\/revisions"}],"wp:attachment":[{"href":"https:\/\/obscom.intervozes.org.br\/index.php?rest_route=%2Fwp%2Fv2%2Fmedia&parent=26214"}],"wp:term":[{"taxonomy":"category","embeddable":true,"href":"https:\/\/obscom.intervozes.org.br\/index.php?rest_route=%2Fwp%2Fv2%2Fcategories&post=26214"},{"taxonomy":"post_tag","embeddable":true,"href":"https:\/\/obscom.intervozes.org.br\/index.php?rest_route=%2Fwp%2Fv2%2Ftags&post=26214"}],"curies":[{"name":"wp","href":"https:\/\/api.w.org\/{rel}","templated":true}]}}