{"id":26213,"date":"2011-10-07T17:38:51","date_gmt":"2011-10-07T17:38:51","guid":{"rendered":"https:\/\/obscom.intervozes.org.br\/wordpress\/?p=26213"},"modified":"2011-10-07T17:38:51","modified_gmt":"2011-10-07T17:38:51","slug":"comissao-quer-explicacoes-sobre-testes-com-tecnologia-para-banda-larga","status":"publish","type":"post","link":"https:\/\/obscom.intervozes.org.br\/?p=26213","title":{"rendered":"Comiss\u00e3o quer explica\u00e7\u00f5es sobre testes com tecnologia para banda larga"},"content":{"rendered":"<p><span class=\"padrao\">A Comiss&atilde;o de Ci&ecirc;ncia, Tecnologia, Comunica&ccedil;&atilde;o e Inform&aacute;tica enviar&aacute; pedido de informa&ccedil;&otilde;es ao ministro das Comunica&ccedil;&otilde;es, Paulo Bernardo, sobre os resultados dos testes realizados pela da Ag&ecirc;ncia Nacional de Telecomunica&ccedil;&otilde;es (Anatel) com o &quot;WiMax&quot;.<\/p>\n<p>O acesso &agrave; internet sem fio, chamado de WiMax, &eacute; feito pelos segmentos de radiofrequ&ecirc;ncias nas subfaixas de 3.400 MHz a 3.600 MHz, que s&atilde;o frequ&ecirc;ncias para explora&ccedil;&atilde;o de servi&ccedil;os de banda larga.<\/p>\n<p>De acordo com o deputado Sandro Alex (PPS-PR), que prop&ocirc;s a pesquisa, as antenas parab&oacute;licas espalhadas pelo Pa&iacute;s utilizam a frequ&ecirc;ncia de 3,5 GHz, que corresponde &agrave; frequ&ecirc;ncia adjacente utilizada pelo servi&ccedil;o de telecomunica&ccedil;&otilde;es &ldquo;WiMax&rdquo;.<\/p>\n<p>Ele afirma que os usu&aacute;rios poder&atilde;o sofrer s&eacute;rios problemas de interfer&ecirc;ncia nas suas transmiss&otilde;es atrav&eacute;s das parab&oacute;licas. Assim, a preocupa&ccedil;&atilde;o &eacute; que efetivamente as transmiss&otilde;es do &ldquo;WiMax&rdquo; interfiram tamb&eacute;m nas 22 milh&otilde;es de parab&oacute;licas dom&eacute;sticas existentes no Pa&iacute;s.<\/p>\n<p>O ministro ter&aacute; de enviar &agrave; comiss&atilde;o uma c&oacute;pia completa dos relat&oacute;rios contendo os resultados dos testes j&aacute; realizados. Sandro Alex tamb&eacute;m pediu os seguintes esclarecimentos ao minist&eacute;rio:<br \/>&#8211; se foram realizados testes pela Anatel com o &ldquo;WiMax&rdquo; em 3,5 GHz, utilizando a pot&ecirc;ncia de 2We quais foram os seus resultados?;<br \/>&#8211; se foram realizados testes pela Anatel com o &ldquo;WiMax&rdquo; em pot&ecirc;ncias elevadas de at&eacute; 30We, em caso positivo, quais foram os seus resultados?<\/p>\n<p>O ministro ter&aacute; 30 dias para responder &agrave; consulta. Caso n&atilde;o responda dentro do prazo, o ministro poder&aacute; responder por crime de responsabilidade.<\/span><\/p>\n","protected":false},"excerpt":{"rendered":"<p>A Comiss&atilde;o de Ci&ecirc;ncia, Tecnologia, Comunica&ccedil;&atilde;o e Inform&aacute;tica enviar&aacute; pedido de informa&ccedil;&otilde;es ao ministro das Comunica&ccedil;&otilde;es, Paulo Bernardo, sobre os resultados dos testes realizados pela da Ag&ecirc;ncia Nacional de Telecomunica&ccedil;&otilde;es (Anatel) com o &quot;WiMax&quot;. O acesso &agrave; internet sem fio, chamado de WiMax, &eacute; feito pelos segmentos de radiofrequ&ecirc;ncias nas subfaixas de 3.400 MHz a &hellip; <a href=\"https:\/\/obscom.intervozes.org.br\/?p=26213\" class=\"more-link\">Continue lendo <span class=\"screen-reader-text\">Comiss\u00e3o quer explica\u00e7\u00f5es sobre testes com tecnologia para banda larga<\/span> <span class=\"meta-nav\">&rarr;<\/span><\/a><\/p>\n","protected":false},"author":1,"featured_media":0,"comment_status":"open","ping_status":"open","sticky":false,"template":"","format":"standard","meta":{"footnotes":""},"categories":[40],"tags":[150],"_links":{"self":[{"href":"https:\/\/obscom.intervozes.org.br\/index.php?rest_route=\/wp\/v2\/posts\/26213"}],"collection":[{"href":"https:\/\/obscom.intervozes.org.br\/index.php?rest_route=\/wp\/v2\/posts"}],"about":[{"href":"https:\/\/obscom.intervozes.org.br\/index.php?rest_route=\/wp\/v2\/types\/post"}],"author":[{"embeddable":true,"href":"https:\/\/obscom.intervozes.org.br\/index.php?rest_route=\/wp\/v2\/users\/1"}],"replies":[{"embeddable":true,"href":"https:\/\/obscom.intervozes.org.br\/index.php?rest_route=%2Fwp%2Fv2%2Fcomments&post=26213"}],"version-history":[{"count":0,"href":"https:\/\/obscom.intervozes.org.br\/index.php?rest_route=\/wp\/v2\/posts\/26213\/revisions"}],"wp:attachment":[{"href":"https:\/\/obscom.intervozes.org.br\/index.php?rest_route=%2Fwp%2Fv2%2Fmedia&parent=26213"}],"wp:term":[{"taxonomy":"category","embeddable":true,"href":"https:\/\/obscom.intervozes.org.br\/index.php?rest_route=%2Fwp%2Fv2%2Fcategories&post=26213"},{"taxonomy":"post_tag","embeddable":true,"href":"https:\/\/obscom.intervozes.org.br\/index.php?rest_route=%2Fwp%2Fv2%2Ftags&post=26213"}],"curies":[{"name":"wp","href":"https:\/\/api.w.org\/{rel}","templated":true}]}}