{"id":26209,"date":"2011-10-07T17:23:54","date_gmt":"2011-10-07T17:23:54","guid":{"rendered":"https:\/\/obscom.intervozes.org.br\/wordpress\/?p=26209"},"modified":"2011-10-07T17:23:54","modified_gmt":"2011-10-07T17:23:54","slug":"a-morte-de-steve-jobs-o-inimigo-numero-um-da-colaboracao","status":"publish","type":"post","link":"https:\/\/obscom.intervozes.org.br\/?p=26209","title":{"rendered":"A morte de Steve Jobs, o inimigo n\u00famero um da colabora\u00e7\u00e3o"},"content":{"rendered":"<p class=\"padrao\">Steve Jobs morreu, ap&oacute;s anos lutando contra um c&acirc;ncer que nem mesmo todos os bilh&otilde;es que ele acumulou foram capazes de conter. Desde ontem, ap&oacute;s o an&uacute;ncio de seu falecimento, n&atilde;o se fala em outra coisa. Paneg&iacute;ricos de toda sorte circulam pelos meios massivos e p&oacute;s-massivos. Adulado em vida por sua genialidade, &eacute; al&ccedil;ado ao status de &iacute;dolo maior da era digital. &Eacute; ineg&aacute;vel que Jobs foi um grande designer, cujas sacadas levaram sua empresa ao topo do mundo. Mas h&aacute; outros aspectos a explorar e sobre os quais pensar neste momento de sua morte.<\/p>\n<p>Jobs era o inimigo n&uacute;mero um da colabora&ccedil;&atilde;o, o aspecto pol&iacute;tico e econ&ocirc;mico mais importante da revolu&ccedil;&atilde;o digital. Nesse sentido, n&atilde;o era um revolucion&aacute;rio, mas um contra-revolucion&aacute;rio. O melhor deles.<\/p>\n<p>Com suas traquitanas maravilhosas, trabalhou pelo cercamento do conhecimento livre. Jamais acreditou na partilha. O que ficou particularmente evidente ap&oacute;s seu retorno &agrave; Apple, em 1997. Acreditava que para fazer grandes inventos era necess&aacute;rio reunir os melhores, em uma sala, e dela sair com o produto perfeito, aquele que mobilizaria o desejo de adultos e crian&ccedil;as em todo o planeta, os quais formam filas para ter um novo Apple a cada lan&ccedil;amento anual.<\/p>\n<p>A quest&atilde;o central, no entanto, &eacute; que o design delicioso de seus produtos &eacute; apenas a isca para a constru&ccedil;&atilde;o de um mundo controlado de aplicativos e micro-pagamentos que reduz a imensa conversa&ccedil;&atilde;o global de todos para todos em um sala fechada de vendas orientadas.<\/p>\n<p>&nbsp;<\/p>\n<p class=\"padrao\">O que &eacute; a Apple Store sen&atilde;o um grande shopping center virtual, em que podemos adquirir a um clique de tela tudo o que precisamos para nos entreter? A distopia Jobiana &eacute; a do homem ego&iacute;sta, circundado de aparelhos perfeitos, em uma troca limpa e &ldquo;aparentemente residual&rdquo;, mediada por apenas uma &uacute;nica empresa: a sua. Por isso, devemos nos perguntar: era isso que quer&iacute;amos? &Eacute; isso que queremos para o nosso mundo?<\/p>\n<p>&nbsp;<\/p>\n<p class=\"padrao\">Essa pergunta torna-se ainda mais necess&aacute;ria quando sabemos que existem alternativas. Como escreve o economista da USP, Ricardo Abramovay, em resenha sobre o novo livro do professor de Harvard Yochai Benkler The Penguin and the Leviathan, a coopera&ccedil;&atilde;o &eacute; a grande possibilidade deste nosso tempo.<\/p>\n<p>&nbsp;<\/p>\n<p class=\"padrao\">&ldquo;Longe de um paroquialismo tradicionalista ou de um movimento alternativo confinado a seitas e grupos eternamente minorit&aacute;rios, a coopera&ccedil;&atilde;o est&aacute; na origem das formas mais interessantes e promissoras de cria&ccedil;&atilde;o de prosperidade no mundo contempor&acirc;neo. E na raiz dessa coopera&ccedil;&atilde;o (presente com for&ccedil;a crescente no mundo privado, nos neg&oacute;cios p&uacute;blicos e na pr&oacute;pria rela&ccedil;&atilde;o entre Estado e cidad&atilde;os) est&atilde;o v&iacute;nculos humanos reais, abrangentes, significativos, dotados do poder de comunicar e criar confian&ccedil;a entre as pessoas.&rdquo;<\/p>\n<p>&nbsp;<\/p>\n<p>Colabora&ccedil;&atilde;o: essa, e n&atilde;o outra, &eacute; a palavra revolucion&aacute;ria. E Jobs n&atilde;o gostava dela.<\/p>\n<p>&nbsp;<\/p>\n<p><font class=\"padrao2\"><em><strong class=\"padrao\"><br \/>Rodrigo Savazoni<\/strong><span class=\"padrao\"> &eacute;  Webproducer e realizador multim&iacute;dia. Diretor do  Laborat&oacute;rio Brasileiro  de Cultura Digital e um dos criadores da Casa da  Cultura Digital.  Co-organizou os livros &ldquo;Vozes da Democracia&rdquo; (Imprensa  Oficial, 2007) e  &ldquo;Cultura Digital.BR&rdquo; (Azougue, 2009). Tamb&eacute;m foi  professor do curso de  p&oacute;s-gradu&ccedil;&atilde;o de jornalismo on-line da PUC-SP. Em  2008, foi editor  especial do estadao.com.br, respons&aacute;vel pelo  desenvolvimento do projeto  Vereador Digital, entre outros. Entre 2004 e  2007 conduziu a  reformula&ccedil;&atilde;o da Ag&ecirc;ncia Brasil como chefe de reda&ccedil;&atilde;o.<\/span><\/em><\/font><\/p>\n","protected":false},"excerpt":{"rendered":"<p>O design delicioso de seus produtos &eacute; apenas a isca para um mundo controlado de aplicativos e micro-pagamentos<\/p>\n","protected":false},"author":1,"featured_media":0,"comment_status":"open","ping_status":"open","sticky":false,"template":"","format":"standard","meta":{"footnotes":""},"categories":[42],"tags":[1586],"_links":{"self":[{"href":"https:\/\/obscom.intervozes.org.br\/index.php?rest_route=\/wp\/v2\/posts\/26209"}],"collection":[{"href":"https:\/\/obscom.intervozes.org.br\/index.php?rest_route=\/wp\/v2\/posts"}],"about":[{"href":"https:\/\/obscom.intervozes.org.br\/index.php?rest_route=\/wp\/v2\/types\/post"}],"author":[{"embeddable":true,"href":"https:\/\/obscom.intervozes.org.br\/index.php?rest_route=\/wp\/v2\/users\/1"}],"replies":[{"embeddable":true,"href":"https:\/\/obscom.intervozes.org.br\/index.php?rest_route=%2Fwp%2Fv2%2Fcomments&post=26209"}],"version-history":[{"count":0,"href":"https:\/\/obscom.intervozes.org.br\/index.php?rest_route=\/wp\/v2\/posts\/26209\/revisions"}],"wp:attachment":[{"href":"https:\/\/obscom.intervozes.org.br\/index.php?rest_route=%2Fwp%2Fv2%2Fmedia&parent=26209"}],"wp:term":[{"taxonomy":"category","embeddable":true,"href":"https:\/\/obscom.intervozes.org.br\/index.php?rest_route=%2Fwp%2Fv2%2Fcategories&post=26209"},{"taxonomy":"post_tag","embeddable":true,"href":"https:\/\/obscom.intervozes.org.br\/index.php?rest_route=%2Fwp%2Fv2%2Ftags&post=26209"}],"curies":[{"name":"wp","href":"https:\/\/api.w.org\/{rel}","templated":true}]}}