{"id":26205,"date":"2011-10-06T16:05:59","date_gmt":"2011-10-06T16:05:59","guid":{"rendered":"https:\/\/obscom.intervozes.org.br\/wordpress\/?p=26205"},"modified":"2011-10-06T16:05:59","modified_gmt":"2011-10-06T16:05:59","slug":"instalada-subcomissao-que-acompanhara-acoes-do-plano-nacional-de-banda-larga","status":"publish","type":"post","link":"https:\/\/obscom.intervozes.org.br\/?p=26205","title":{"rendered":"Instalada subcomiss\u00e3o que acompanhar\u00e1 a\u00e7\u00f5es do Plano Nacional de Banda Larga"},"content":{"rendered":"<p><span class=\"padrao\"><strong>Reda&ccedil;&atilde;o &#8211; Ag&ecirc;ncia C&acirc;mara<\/strong><\/p>\n<p>A Comiss&atilde;o de Ci&ecirc;ncia e Tecnologia, Comunica&ccedil;&atilde;o e Inform&aacute;tica instalou, nesta ter&ccedil;a-feira, a subcomiss&atilde;o especial criada para acompanhar as a&ccedil;&otilde;es do Plano Nacional de Banda Larga (PNBL). Os deputados Ruy Carneiro (PSDB-PB) e Newton Lima (PT-SP) foram escolhidos para serem, respectivamente, presidente e relator.<\/p>\n<p>O plano, em fase de implementa&ccedil;&atilde;o pelo Executivo, prev&ecirc; que a banda larga de 1Mbps chegue a cerca de 35milh&otilde;es de domic&iacute;lios at&eacute; 2014, a um pre&ccedil;o de R$35. Hoje, o servi&ccedil;o est&aacute; dispon&iacute;vel em 10,2 milh&otilde;es de domic&iacute;lios, a um custo m&eacute;dio de R$ 96.<\/p>\n<p>De acordo com o relator, n&atilde;o existe melhor momento para discutir o sistema de banda larga que est&aacute; sendo implantando no Pa&iacute;s. &ldquo;Concebido como pol&iacute;tica p&uacute;blica de Estado e direito essencial ao exerc&iacute;cio da cidadania, o uso da internet pode contribuir fortemente para a redu&ccedil;&atilde;o das desigualdades sociais e regionais&rdquo;, disse ele.<\/p>\n<p>N&atilde;o foi definida data para o pr&oacute;ximo encontro da subcomiss&atilde;o.<\/span><\/p>\n<p>&nbsp;<\/p>\n","protected":false},"excerpt":{"rendered":"<p>Reda&ccedil;&atilde;o &#8211; Ag&ecirc;ncia C&acirc;mara A Comiss&atilde;o de Ci&ecirc;ncia e Tecnologia, Comunica&ccedil;&atilde;o e Inform&aacute;tica instalou, nesta ter&ccedil;a-feira, a subcomiss&atilde;o especial criada para acompanhar as a&ccedil;&otilde;es do Plano Nacional de Banda Larga (PNBL). Os deputados Ruy Carneiro (PSDB-PB) e Newton Lima (PT-SP) foram escolhidos para serem, respectivamente, presidente e relator. O plano, em fase de implementa&ccedil;&atilde;o pelo &hellip; <a href=\"https:\/\/obscom.intervozes.org.br\/?p=26205\" class=\"more-link\">Continue lendo <span class=\"screen-reader-text\">Instalada subcomiss\u00e3o que acompanhar\u00e1 a\u00e7\u00f5es do Plano Nacional de Banda Larga<\/span> <span class=\"meta-nav\">&rarr;<\/span><\/a><\/p>\n","protected":false},"author":1,"featured_media":0,"comment_status":"open","ping_status":"open","sticky":false,"template":"","format":"standard","meta":{"footnotes":""},"categories":[39],"tags":[],"_links":{"self":[{"href":"https:\/\/obscom.intervozes.org.br\/index.php?rest_route=\/wp\/v2\/posts\/26205"}],"collection":[{"href":"https:\/\/obscom.intervozes.org.br\/index.php?rest_route=\/wp\/v2\/posts"}],"about":[{"href":"https:\/\/obscom.intervozes.org.br\/index.php?rest_route=\/wp\/v2\/types\/post"}],"author":[{"embeddable":true,"href":"https:\/\/obscom.intervozes.org.br\/index.php?rest_route=\/wp\/v2\/users\/1"}],"replies":[{"embeddable":true,"href":"https:\/\/obscom.intervozes.org.br\/index.php?rest_route=%2Fwp%2Fv2%2Fcomments&post=26205"}],"version-history":[{"count":0,"href":"https:\/\/obscom.intervozes.org.br\/index.php?rest_route=\/wp\/v2\/posts\/26205\/revisions"}],"wp:attachment":[{"href":"https:\/\/obscom.intervozes.org.br\/index.php?rest_route=%2Fwp%2Fv2%2Fmedia&parent=26205"}],"wp:term":[{"taxonomy":"category","embeddable":true,"href":"https:\/\/obscom.intervozes.org.br\/index.php?rest_route=%2Fwp%2Fv2%2Fcategories&post=26205"},{"taxonomy":"post_tag","embeddable":true,"href":"https:\/\/obscom.intervozes.org.br\/index.php?rest_route=%2Fwp%2Fv2%2Ftags&post=26205"}],"curies":[{"name":"wp","href":"https:\/\/api.w.org\/{rel}","templated":true}]}}