{"id":26203,"date":"2011-10-06T15:00:48","date_gmt":"2011-10-06T15:00:48","guid":{"rendered":"https:\/\/obscom.intervozes.org.br\/wordpress\/?p=26203"},"modified":"2011-10-06T15:00:48","modified_gmt":"2011-10-06T15:00:48","slug":"oi-investe-r-5-milhoes-em-manutencao-de-orelhoes-e-centrais-da-regiao-norte","status":"publish","type":"post","link":"https:\/\/obscom.intervozes.org.br\/?p=26203","title":{"rendered":"Oi investe R$ 5 milh\u00f5es em manuten\u00e7\u00e3o de orelh\u00f5es e centrais da regi\u00e3o Norte"},"content":{"rendered":"<p><span class=\"padrao\">Maior concession&aacute;ria do pa&iacute;s, a Oi &eacute; tamb&eacute;m a maior prestadora de servi&ccedil;os na regi&atilde;o Norte. E, portanto, a principal respons&aacute;vel pela defici&ecirc;ncia dos servi&ccedil;os na regi&atilde;o no que se refere &agrave; telefonia fixa &ndash; orelh&otilde;es desativados e telefones mudos. Na telefonia m&oacute;vel, a conta da falta de cobertura e qualidade deficiente do sinal &eacute; dividida entre todas as operadoras.<\/p>\n<p>Para atender aos compromissos assumidos com a Anatel, a Oi, segundo seu diretor de planejamento executivo, Jo&atilde;o de Deus Pinheiro de Macedo, investiu R$ 5 mih&otilde;es nos &uacute;ltimos tr&ecirc;s meses, especialmente na recupera&ccedil;&atilde;o dos orelh&otilde;es da regi&atilde;o Norte. Uma parte menor desses recursos foi dirigida &agrave; reposi&ccedil;&atilde;o de baterias roubadas e &agrave; manuten&ccedil;&atilde;o de pequenas centrais (at&eacute; cem assinantes) onde, segundo ele, ocorre a maior parte das interrup&ccedil;&otilde;es no servi&ccedil;o de telefonia fixa, em decorr&ecirc;ncia de falha na rede de energia el&eacute;trica.<\/p>\n<p><strong>Embratel<\/strong><\/p>\n<p>O vandalismo &ndash; roubo de pain&eacute;is solares e de baterias &ndash; &eacute; tamb&eacute;m um dos principais problemas enfrentados pela Embratel, que conta com 1.548 orelh&otilde;es instalados em zonas rurais e regi&otilde;es distantes, a maior parte dos quais na regi&atilde;o amaz&ocirc;nica. De acordo com Airton Capella, consultor da operadora, at&eacute; ter&ccedil;a-feira, data da audi&ecirc;ncia p&uacute;blica, a Embratel ter&aacute; reparado os orelh&otilde;es das dez localidades do Amazonas &ndash; foi a precariedade do atendimento do servi&ccedil;o telef&ocirc;nico a essa regi&atilde;o que deu origem a esse processo. E at&eacute; o final do ano, todo o parque de orelh&otilde;es da operadora ter&aacute; sido reparado.<\/p>\n<p>Segundo Capella, para 2012, a Embratel planeja substituir todas as esta&ccedil;&otilde;es de recep&ccedil;&atilde;o de sinais de sat&eacute;lite (esta&ccedil;&otilde;es VSAT) que fazem o tr&aacute;fego dos orelh&otilde;es. &ldquo;Ser&aacute; a terceira substitui&ccedil;&atilde;o do parque desde a privatiza&ccedil;&atilde;o. Vamos ter esta&ccedil;&otilde;es VSATs mais modernas&rdquo;, conta ele, sem especificar os investimentos. Em m&eacute;dia, uma esta&ccedil;&atilde;o VSAT custa entre R$ 50 mil e R$ 60 mil.<\/p>\n<p>Para enfrentar o vandalismo, Capella diz que a Embratel tem procurado criar, nessas comunidades, a figura do &ldquo;cuidador&rdquo;, respons&aacute;vel por cuidar da antena VSAT e do orelh&atilde;o como um bem p&uacute;blico. &ldquo;&Eacute; fundamental desenvolver essa consci&ecirc;ncia na comunidade, pois o acesso a nossos orelh&otilde;es &eacute; dif&iacute;cil e muito prec&aacute;rio, o que dificulta muito fazer a manuten&ccedil;&atilde;o e restabelecer o servi&ccedil;o quando os equipamentos s&atilde;o danificados&rdquo;, informa.<\/p>\n<p>Segundo o superintendente de Servi&ccedil;os P&uacute;blicos da Anatel, Roberto Pinto Martins, os desafios na regi&atilde;o Norte s&atilde;o dois: restabelecer o funcionamento dos orelh&otilde;es fora de servi&ccedil;o, tarefa que est&aacute; sendo desenvolvida, e melhorar a qualidade do servi&ccedil;o telef&ocirc;nico. Em rela&ccedil;&atilde;o &agrave; segunda meta, ele diz que ainda h&aacute; muito a ser feito. Embora o problema de interrup&ccedil;&atilde;o da telefonia fixa seja um desafio nacional, na regi&atilde;o Norte ele &eacute; muito mais grave. O restabelecimento do servi&ccedil;o, em caso de queda, demora em m&eacute;dia 30 horas\/ano, quando a m&eacute;dia nacional, considerada alta, &eacute; de 18 horas\/ano. A meta da Anatel &eacute; trazer essa m&eacute;dia para cinco horas\/ano, dentro de um ano.<\/span><\/p>\n","protected":false},"excerpt":{"rendered":"<p>Maior concession&aacute;ria do pa&iacute;s, a Oi &eacute; tamb&eacute;m a maior prestadora de servi&ccedil;os na regi&atilde;o Norte. E, portanto, a principal respons&aacute;vel pela defici&ecirc;ncia dos servi&ccedil;os na regi&atilde;o no que se refere &agrave; telefonia fixa &ndash; orelh&otilde;es desativados e telefones mudos. Na telefonia m&oacute;vel, a conta da falta de cobertura e qualidade deficiente do sinal &eacute; &hellip; <a href=\"https:\/\/obscom.intervozes.org.br\/?p=26203\" class=\"more-link\">Continue lendo <span class=\"screen-reader-text\">Oi investe R$ 5 milh\u00f5es em manuten\u00e7\u00e3o de orelh\u00f5es e centrais da regi\u00e3o Norte<\/span> <span class=\"meta-nav\">&rarr;<\/span><\/a><\/p>\n","protected":false},"author":1,"featured_media":0,"comment_status":"open","ping_status":"open","sticky":false,"template":"","format":"standard","meta":{"footnotes":""},"categories":[40],"tags":[1585],"_links":{"self":[{"href":"https:\/\/obscom.intervozes.org.br\/index.php?rest_route=\/wp\/v2\/posts\/26203"}],"collection":[{"href":"https:\/\/obscom.intervozes.org.br\/index.php?rest_route=\/wp\/v2\/posts"}],"about":[{"href":"https:\/\/obscom.intervozes.org.br\/index.php?rest_route=\/wp\/v2\/types\/post"}],"author":[{"embeddable":true,"href":"https:\/\/obscom.intervozes.org.br\/index.php?rest_route=\/wp\/v2\/users\/1"}],"replies":[{"embeddable":true,"href":"https:\/\/obscom.intervozes.org.br\/index.php?rest_route=%2Fwp%2Fv2%2Fcomments&post=26203"}],"version-history":[{"count":0,"href":"https:\/\/obscom.intervozes.org.br\/index.php?rest_route=\/wp\/v2\/posts\/26203\/revisions"}],"wp:attachment":[{"href":"https:\/\/obscom.intervozes.org.br\/index.php?rest_route=%2Fwp%2Fv2%2Fmedia&parent=26203"}],"wp:term":[{"taxonomy":"category","embeddable":true,"href":"https:\/\/obscom.intervozes.org.br\/index.php?rest_route=%2Fwp%2Fv2%2Fcategories&post=26203"},{"taxonomy":"post_tag","embeddable":true,"href":"https:\/\/obscom.intervozes.org.br\/index.php?rest_route=%2Fwp%2Fv2%2Ftags&post=26203"}],"curies":[{"name":"wp","href":"https:\/\/api.w.org\/{rel}","templated":true}]}}