{"id":26202,"date":"2011-10-06T14:37:31","date_gmt":"2011-10-06T14:37:31","guid":{"rendered":"https:\/\/obscom.intervozes.org.br\/wordpress\/?p=26202"},"modified":"2011-10-06T14:37:31","modified_gmt":"2011-10-06T14:37:31","slug":"governo-cearense-promete-apoio-a-criacao-da-cojira","status":"publish","type":"post","link":"https:\/\/obscom.intervozes.org.br\/?p=26202","title":{"rendered":"Governo cearense promete apoio \u00e0 cria\u00e7\u00e3o da Cojira"},"content":{"rendered":"<p><span class=\"padrao\"><strong>Reda&ccedil;&atilde;o &#8211; Federa&ccedil;&atilde;o Nacional dos Jornalistas<\/strong><\/p>\n<p>O Sindicato dos Jornalistas do Cear&aacute; dever&aacute; ser a pr&oacute;xima  entidade da categoria a ter sua Comiss&atilde;o de Jornalistas pela Igualdade  Racial (Cojira). A ideia ficou fortalecida com o compromisso assumido  pelo Coordenador Especial de Pol&iacute;ticas P&uacute;blicas para a Promo&ccedil;&atilde;o da  Igualdade Racial do Estado, Ivaldo Paix&atilde;o, que participou, no dia 22 de  setembro, do lan&ccedil;amento do CineJorce, o cineclube dos jornalistas  cearenses. Iniciativa do Departamento de Jornalistas Aposentados do  Sindicato, o clube de cinema apresentou, no ato de seu lan&ccedil;amento, o  document&aacute;rio &quot;Rosal da Liberdade&quot;, de autoria da jornalista Marilena  Lima. A atividade reuniu dezenas de apoiadores da luta pelo fim do  preconceito.<\/span><\/p>\n","protected":false},"excerpt":{"rendered":"<p>Reda&ccedil;&atilde;o &#8211; Federa&ccedil;&atilde;o Nacional dos Jornalistas O Sindicato dos Jornalistas do Cear&aacute; dever&aacute; ser a pr&oacute;xima entidade da categoria a ter sua Comiss&atilde;o de Jornalistas pela Igualdade Racial (Cojira). A ideia ficou fortalecida com o compromisso assumido pelo Coordenador Especial de Pol&iacute;ticas P&uacute;blicas para a Promo&ccedil;&atilde;o da Igualdade Racial do Estado, Ivaldo Paix&atilde;o, que participou, &hellip; <a href=\"https:\/\/obscom.intervozes.org.br\/?p=26202\" class=\"more-link\">Continue lendo <span class=\"screen-reader-text\">Governo cearense promete apoio \u00e0 cria\u00e7\u00e3o da Cojira<\/span> <span class=\"meta-nav\">&rarr;<\/span><\/a><\/p>\n","protected":false},"author":1,"featured_media":0,"comment_status":"open","ping_status":"open","sticky":false,"template":"","format":"standard","meta":{"footnotes":""},"categories":[39],"tags":[],"_links":{"self":[{"href":"https:\/\/obscom.intervozes.org.br\/index.php?rest_route=\/wp\/v2\/posts\/26202"}],"collection":[{"href":"https:\/\/obscom.intervozes.org.br\/index.php?rest_route=\/wp\/v2\/posts"}],"about":[{"href":"https:\/\/obscom.intervozes.org.br\/index.php?rest_route=\/wp\/v2\/types\/post"}],"author":[{"embeddable":true,"href":"https:\/\/obscom.intervozes.org.br\/index.php?rest_route=\/wp\/v2\/users\/1"}],"replies":[{"embeddable":true,"href":"https:\/\/obscom.intervozes.org.br\/index.php?rest_route=%2Fwp%2Fv2%2Fcomments&post=26202"}],"version-history":[{"count":0,"href":"https:\/\/obscom.intervozes.org.br\/index.php?rest_route=\/wp\/v2\/posts\/26202\/revisions"}],"wp:attachment":[{"href":"https:\/\/obscom.intervozes.org.br\/index.php?rest_route=%2Fwp%2Fv2%2Fmedia&parent=26202"}],"wp:term":[{"taxonomy":"category","embeddable":true,"href":"https:\/\/obscom.intervozes.org.br\/index.php?rest_route=%2Fwp%2Fv2%2Fcategories&post=26202"},{"taxonomy":"post_tag","embeddable":true,"href":"https:\/\/obscom.intervozes.org.br\/index.php?rest_route=%2Fwp%2Fv2%2Ftags&post=26202"}],"curies":[{"name":"wp","href":"https:\/\/api.w.org\/{rel}","templated":true}]}}