{"id":26198,"date":"2011-10-05T18:25:58","date_gmt":"2011-10-05T18:25:58","guid":{"rendered":"https:\/\/obscom.intervozes.org.br\/wordpress\/?p=26198"},"modified":"2011-10-05T18:25:58","modified_gmt":"2011-10-05T18:25:58","slug":"empresarios-e-sociedade-civil-ja-indicaram-nomes-para-compor-conselho-de-comunicacao-do-congresso","status":"publish","type":"post","link":"https:\/\/obscom.intervozes.org.br\/?p=26198","title":{"rendered":"Empres\u00e1rios e sociedade civil j\u00e1 indicaram nomes para compor Conselho de Comunica\u00e7\u00e3o do Congresso"},"content":{"rendered":"\n<p class=\"padrao\">Desativado desde o fim de 2006, o Conselho de Comunica&ccedil;&atilde;o Social ligado ao Congresso Nacional pode ser reativado ainda este ano. Tudo depende da vontade pol&iacute;tica do presidente do Congresso, o senador Jos&eacute; Sarney (PMDB\/AP), que at&eacute; agora n&atilde;o fez esfor&ccedil;os para tal. No entanto, a press&atilde;o de alguns parlamentares e da sociedade pode ajudar a reinstaurar o &oacute;rg&atilde;o. V&aacute;rias entidades j&aacute; indicaram nomes para compor as 13 vagas do Conselho.<\/p>\n<p>Segundo explicou a assessoria da Mesa do Congresso, para reativar o Conselho falta colocar os nomes para vota&ccedil;&atilde;o dos parlamentares em uma sess&atilde;o conjunta entre C&acirc;mara e Senado. O presidente Sarney j&aacute; conversou com o deputado Marco Maia (PT\/RS) a respeito, e a composi&ccedil;&atilde;o do &oacute;rg&atilde;o est&aacute; sendo fechada, segundo assessoria da Mesa. Ainda n&atilde;o h&aacute; data certa para a vota&ccedil;&atilde;o que definir&aacute; a quest&atilde;o. <\/p>\n<p>Os 13 integrantes do Conselho s&atilde;o representantes das empresas e tamb&eacute;m membros da sociedade civil. Segundo informou a diretora da Secretaria de Comunica&ccedil;&atilde;o Social da C&acirc;mara, Sueli Navarro, alguns nomes j&aacute; est&atilde;o definidos, como Paulo Tonet (Associa&ccedil;&atilde;o Nacional de Jornais), Alexandre Annenberg (Associa&ccedil;&atilde;o Brasileira de TV por Assinatura), S&eacute;gio Murilo (Federa&ccedil;&atilde;o Nacional dos Jornalistas) e Maria Jos&eacute; Mota (Sociedade Brasileira de Administra&ccedil;&atilde;o e Prote&ccedil;&atilde;o dos Direitos Intelectuais).<\/p>\n<p>O Conselho, institu&iacute;do pelo Artigo 224 da Constitui&ccedil;&atilde;o, tem um campo vasto de temas em que pode emitir opini&atilde;o. Entre as atribui&ccedil;&otilde;es est&aacute; o de realizar estudos, pareceres e recomenda&ccedil;&otilde;es sobre previs&otilde;es constitucionais especialmente a respeito de temas como a liberdade de express&atilde;o; propagandas; programa&ccedil;&atilde;o de emissoras de r&aacute;dio e TV; outorga e renova&ccedil;&atilde;o de concess&otilde;es; promo&ccedil;&atilde;o da cultura nacional, regional e independente, entre outros. O &oacute;rg&atilde;o demorou onze anos para ser implementado, funcionou por quatro e, desde 2006 n&atilde;o est&aacute; mais ativo.  <\/p>\n","protected":false},"excerpt":{"rendered":"<p>Desativado desde o fim de 2006, o Conselho de Comunica&ccedil;&atilde;o Social ligado ao Congresso Nacional pode ser reativado ainda este ano. Tudo depende da vontade pol&iacute;tica do presidente do Congresso, o senador Jos&eacute; Sarney (PMDB\/AP), que at&eacute; agora n&atilde;o fez esfor&ccedil;os para tal. No entanto, a press&atilde;o de alguns parlamentares e da sociedade pode ajudar &hellip; <a href=\"https:\/\/obscom.intervozes.org.br\/?p=26198\" class=\"more-link\">Continue lendo <span class=\"screen-reader-text\">Empres\u00e1rios e sociedade civil j\u00e1 indicaram nomes para compor Conselho de Comunica\u00e7\u00e3o do Congresso<\/span> <span class=\"meta-nav\">&rarr;<\/span><\/a><\/p>\n","protected":false},"author":1,"featured_media":0,"comment_status":"open","ping_status":"open","sticky":false,"template":"","format":"standard","meta":{"footnotes":""},"categories":[39],"tags":[],"_links":{"self":[{"href":"https:\/\/obscom.intervozes.org.br\/index.php?rest_route=\/wp\/v2\/posts\/26198"}],"collection":[{"href":"https:\/\/obscom.intervozes.org.br\/index.php?rest_route=\/wp\/v2\/posts"}],"about":[{"href":"https:\/\/obscom.intervozes.org.br\/index.php?rest_route=\/wp\/v2\/types\/post"}],"author":[{"embeddable":true,"href":"https:\/\/obscom.intervozes.org.br\/index.php?rest_route=\/wp\/v2\/users\/1"}],"replies":[{"embeddable":true,"href":"https:\/\/obscom.intervozes.org.br\/index.php?rest_route=%2Fwp%2Fv2%2Fcomments&post=26198"}],"version-history":[{"count":0,"href":"https:\/\/obscom.intervozes.org.br\/index.php?rest_route=\/wp\/v2\/posts\/26198\/revisions"}],"wp:attachment":[{"href":"https:\/\/obscom.intervozes.org.br\/index.php?rest_route=%2Fwp%2Fv2%2Fmedia&parent=26198"}],"wp:term":[{"taxonomy":"category","embeddable":true,"href":"https:\/\/obscom.intervozes.org.br\/index.php?rest_route=%2Fwp%2Fv2%2Fcategories&post=26198"},{"taxonomy":"post_tag","embeddable":true,"href":"https:\/\/obscom.intervozes.org.br\/index.php?rest_route=%2Fwp%2Fv2%2Ftags&post=26198"}],"curies":[{"name":"wp","href":"https:\/\/api.w.org\/{rel}","templated":true}]}}