{"id":26180,"date":"2011-09-30T15:04:14","date_gmt":"2011-09-30T15:04:14","guid":{"rendered":"https:\/\/obscom.intervozes.org.br\/wordpress\/?p=26180"},"modified":"2011-09-30T15:04:14","modified_gmt":"2011-09-30T15:04:14","slug":"telefonica-conclui-aquisicao-da-tva","status":"publish","type":"post","link":"https:\/\/obscom.intervozes.org.br\/?p=26180","title":{"rendered":"Telef\u00f4nica conclui aquisi\u00e7\u00e3o da TVA"},"content":{"rendered":"<p><span class=\"padrao\"><strong>Reda&ccedil;&atilde;o &#8211; Tele Time News<\/strong><\/p>\n<p>A Telef&ocirc;nica, por meio da sua subsidi&aacute;ria Telesp, informou o mercado nesta sexta-feira, 30, que adquiriu 49% das a&ccedil;&otilde;es ordin&aacute;rias da Lemontree Participa&ccedil;&otilde;es, sociedade detentora de 80,1% das a&ccedil;&otilde;es ordin&aacute;rias da Comercial Cabo TV S&atilde;o Paulo, a opera&ccedil;&atilde;o de cabo da TVA na capital paulista. Assim, a Telef&ocirc;nica conclui a aquisi&ccedil;&atilde;o da operadora de TV a cabo iniciada em 2007 com a compra da opera&ccedil;&atilde;o de MMDS da TVA.<\/p>\n<p>O movimento &eacute; o primeiro efeito pr&aacute;tico da Lei 12.485\/2011, que criou novas regras para o mercado de TV por assinatura e acabou com as limita&ccedil;&otilde;es &agrave;s teles e a empresas de capital estrangeiro no mercado de cabo. Com isso, a Telef&ocirc;nica passa a ser controladora integral da opera&ccedil;&atilde;o de cabo da TVA em S&atilde;o Paulo.<\/p>\n<p>Em 2006, a concession&aacute;ria adquiriu a totalidade das opera&ccedil;&otilde;es de MMDS da TVA em S&atilde;o Paulo, Rio de Janeiro, Curitiba e Porto Alegre e 100% das a&ccedil;&otilde;es preferenciais da opera&ccedil;&atilde;o de cabo em S&atilde;o Paulo, Florian&oacute;polis e Foz do Igua&ccedil;u. As a&ccedil;&otilde;es ordin&aacute;rias da opera&ccedil;&atilde;o de cabo (que d&atilde;o o controle) foram adquiridas at&eacute; o limite das restri&ccedil;&otilde;es legais e considerando que parte do capital da Abril pertence ao grupo Napster da &Aacute;frica do Sul. Na ocasi&atilde;o, a Telef&ocirc;nica ficou com cerca de 19% da opera&ccedil;&atilde;o de cabo da TVA.<\/p>\n<p>A aquisi&ccedil;&atilde;o total da parte de cabo n&atilde;o foi poss&iacute;vel porque a Lei do Cabo impedia que empresas de capital estrangeiro detivessem concess&otilde;es de cabo. Al&eacute;m disso, a LGT e os contratos de concess&atilde;o tamb&eacute;m traziam restri&ccedil;&otilde;es para a entrada das concession&aacute;rias de telefonia no mercado de cabo. Com a aprova&ccedil;&atilde;o da Lei 12.485\/2011, essas barreiras n&atilde;o existem mais.<\/span><\/p>\n<p>&nbsp;<\/p>\n","protected":false},"excerpt":{"rendered":"<p>Reda&ccedil;&atilde;o &#8211; Tele Time News A Telef&ocirc;nica, por meio da sua subsidi&aacute;ria Telesp, informou o mercado nesta sexta-feira, 30, que adquiriu 49% das a&ccedil;&otilde;es ordin&aacute;rias da Lemontree Participa&ccedil;&otilde;es, sociedade detentora de 80,1% das a&ccedil;&otilde;es ordin&aacute;rias da Comercial Cabo TV S&atilde;o Paulo, a opera&ccedil;&atilde;o de cabo da TVA na capital paulista. Assim, a Telef&ocirc;nica conclui a &hellip; <a href=\"https:\/\/obscom.intervozes.org.br\/?p=26180\" class=\"more-link\">Continue lendo <span class=\"screen-reader-text\">Telef\u00f4nica conclui aquisi\u00e7\u00e3o da TVA<\/span> <span class=\"meta-nav\">&rarr;<\/span><\/a><\/p>\n","protected":false},"author":1,"featured_media":0,"comment_status":"open","ping_status":"open","sticky":false,"template":"","format":"standard","meta":{"footnotes":""},"categories":[39],"tags":[],"_links":{"self":[{"href":"https:\/\/obscom.intervozes.org.br\/index.php?rest_route=\/wp\/v2\/posts\/26180"}],"collection":[{"href":"https:\/\/obscom.intervozes.org.br\/index.php?rest_route=\/wp\/v2\/posts"}],"about":[{"href":"https:\/\/obscom.intervozes.org.br\/index.php?rest_route=\/wp\/v2\/types\/post"}],"author":[{"embeddable":true,"href":"https:\/\/obscom.intervozes.org.br\/index.php?rest_route=\/wp\/v2\/users\/1"}],"replies":[{"embeddable":true,"href":"https:\/\/obscom.intervozes.org.br\/index.php?rest_route=%2Fwp%2Fv2%2Fcomments&post=26180"}],"version-history":[{"count":0,"href":"https:\/\/obscom.intervozes.org.br\/index.php?rest_route=\/wp\/v2\/posts\/26180\/revisions"}],"wp:attachment":[{"href":"https:\/\/obscom.intervozes.org.br\/index.php?rest_route=%2Fwp%2Fv2%2Fmedia&parent=26180"}],"wp:term":[{"taxonomy":"category","embeddable":true,"href":"https:\/\/obscom.intervozes.org.br\/index.php?rest_route=%2Fwp%2Fv2%2Fcategories&post=26180"},{"taxonomy":"post_tag","embeddable":true,"href":"https:\/\/obscom.intervozes.org.br\/index.php?rest_route=%2Fwp%2Fv2%2Ftags&post=26180"}],"curies":[{"name":"wp","href":"https:\/\/api.w.org\/{rel}","templated":true}]}}