{"id":26171,"date":"2011-09-29T15:22:15","date_gmt":"2011-09-29T15:22:15","guid":{"rendered":"https:\/\/obscom.intervozes.org.br\/wordpress\/?p=26171"},"modified":"2011-09-29T15:22:15","modified_gmt":"2011-09-29T15:22:15","slug":"acoes-da-anatel-no-nordeste-serao-investigadas-pela-corregedoria","status":"publish","type":"post","link":"https:\/\/obscom.intervozes.org.br\/?p=26171","title":{"rendered":"A\u00e7\u00f5es da Anatel no Nordeste ser\u00e3o investigadas pela corregedoria"},"content":{"rendered":"<p><span class=\"padrao\"><strong>Reda&ccedil;&atilde;o &#8211; Portal Imprensa<\/strong><\/p>\n<p>O ministro das Comunica&ccedil;&otilde;es, Paulo Bernardo, determinou que a corregedoria investigue todos os processos de fiscaliza&ccedil;&atilde;o da Ag&ecirc;ncia Nacional de Telecomunica&ccedil;&otilde;es (Anatel), no Piau&iacute; e na Para&iacute;ba. A decis&atilde;o foi tomada ap&oacute;s os deputados federais Assis Carvalho (PT-PI), Jesus Rodrigues (PT-PI) e Lu&iacute;s Couto (PT-PB) terem denunciado excessos nas a&ccedil;&otilde;es de fiscaliza&ccedil;&atilde;o da Anatel nos dois Estados. As informa&ccedil;&otilde;es s&atilde;o do Jornal Luzil&acirc;ndia.<\/p>\n<p>Carvalho considera que a rela&ccedil;&atilde;o da Anatel com o movimento popular &eacute; desrespeitosa e tem v&iacute;nculo pol&iacute;tico e ideol&oacute;gico. Ele conta que h&aacute; relatos de que a&ccedil;&otilde;es da ag&ecirc;ncia contribu&iacute;ram para agravar o estado de sa&uacute;de da radialista popular Esmeralda Fernandes, uma das fundadoras da R&aacute;dio Verona, de Teresina, que tinha problemas card&iacute;acos e faleceu depois da apreens&atilde;o dos equipamentos da emissora.<\/p>\n<p>O deputado Lu&iacute;s Couto denunciou que, na Para&iacute;ba, &quot;&eacute; permitido o funcionamento de r&aacute;dio de baixa pot&ecirc;ncia ligada a um senador, que funciona na casa do presidente da C&acirc;mara de Vereadores, enquanto a Anatel criminaliza o movimento&quot;.<\/span><\/p>\n","protected":false},"excerpt":{"rendered":"<p>Reda&ccedil;&atilde;o &#8211; Portal Imprensa O ministro das Comunica&ccedil;&otilde;es, Paulo Bernardo, determinou que a corregedoria investigue todos os processos de fiscaliza&ccedil;&atilde;o da Ag&ecirc;ncia Nacional de Telecomunica&ccedil;&otilde;es (Anatel), no Piau&iacute; e na Para&iacute;ba. A decis&atilde;o foi tomada ap&oacute;s os deputados federais Assis Carvalho (PT-PI), Jesus Rodrigues (PT-PI) e Lu&iacute;s Couto (PT-PB) terem denunciado excessos nas a&ccedil;&otilde;es de &hellip; <a href=\"https:\/\/obscom.intervozes.org.br\/?p=26171\" class=\"more-link\">Continue lendo <span class=\"screen-reader-text\">A\u00e7\u00f5es da Anatel no Nordeste ser\u00e3o investigadas pela corregedoria<\/span> <span class=\"meta-nav\">&rarr;<\/span><\/a><\/p>\n","protected":false},"author":1,"featured_media":0,"comment_status":"open","ping_status":"open","sticky":false,"template":"","format":"standard","meta":{"footnotes":""},"categories":[39],"tags":[],"_links":{"self":[{"href":"https:\/\/obscom.intervozes.org.br\/index.php?rest_route=\/wp\/v2\/posts\/26171"}],"collection":[{"href":"https:\/\/obscom.intervozes.org.br\/index.php?rest_route=\/wp\/v2\/posts"}],"about":[{"href":"https:\/\/obscom.intervozes.org.br\/index.php?rest_route=\/wp\/v2\/types\/post"}],"author":[{"embeddable":true,"href":"https:\/\/obscom.intervozes.org.br\/index.php?rest_route=\/wp\/v2\/users\/1"}],"replies":[{"embeddable":true,"href":"https:\/\/obscom.intervozes.org.br\/index.php?rest_route=%2Fwp%2Fv2%2Fcomments&post=26171"}],"version-history":[{"count":0,"href":"https:\/\/obscom.intervozes.org.br\/index.php?rest_route=\/wp\/v2\/posts\/26171\/revisions"}],"wp:attachment":[{"href":"https:\/\/obscom.intervozes.org.br\/index.php?rest_route=%2Fwp%2Fv2%2Fmedia&parent=26171"}],"wp:term":[{"taxonomy":"category","embeddable":true,"href":"https:\/\/obscom.intervozes.org.br\/index.php?rest_route=%2Fwp%2Fv2%2Fcategories&post=26171"},{"taxonomy":"post_tag","embeddable":true,"href":"https:\/\/obscom.intervozes.org.br\/index.php?rest_route=%2Fwp%2Fv2%2Ftags&post=26171"}],"curies":[{"name":"wp","href":"https:\/\/api.w.org\/{rel}","templated":true}]}}