{"id":26169,"date":"2011-09-29T08:21:15","date_gmt":"2011-09-29T08:21:15","guid":{"rendered":"https:\/\/obscom.intervozes.org.br\/wordpress\/?p=26169"},"modified":"2011-09-29T08:21:15","modified_gmt":"2011-09-29T08:21:15","slug":"ebc-definira-futura-direcao-no-proximo-mes","status":"publish","type":"post","link":"https:\/\/obscom.intervozes.org.br\/?p=26169","title":{"rendered":"EBC definir\u00e1 futura dire\u00e7\u00e3o no pr\u00f3ximo m\u00eas"},"content":{"rendered":"<p><span class=\"padrao\"><strong>Silvana Chaves &#8211; Comunique-se<\/strong><\/p>\n<p>A Empresa Brasil de Comunica&ccedil;&atilde;o (EBC), mantenedora da TV Brasil e de outras emissoras p&uacute;blicas, informou nesta quarta-feira (28) que ainda n&atilde;o definiu se a diretora-presidente Tereza Cruvinel, 55 anos, permanecer&aacute; no cargo, ap&oacute;s o fim de seu mandato, no final de outubro.<\/p>\n<p>Nesta quarta-feira (28), a coluna Radar Online, publicada na Veja.com e editada por Lauro Jardim, informou que Tereza n&atilde;o continuar&aacute; na estatal, e que o substituto j&aacute; est&aacute; definido: o jornalista Nelson Breve, superintendente de comunica&ccedil;&atilde;o multim&iacute;dia da pr&oacute;pria EBC. Ao Comunique-se, a empresa, por meio da assessoria de imprensa, disse que essa troca n&atilde;o est&aacute; definida.<\/p>\n<p>De acordo com a EBC, a presidente Dilma Rousseff ainda se pronunciou a respeito da elei&ccedil;&atilde;o da dire&ccedil;&atilde;o do grupo, podendo manter Tereza ou escolher outro profissional. A atual executiva est&aacute; &agrave; frente do grupo desde abril do ano passado, quando entrou no lugar deixado por Helena Chagas.<\/span><\/p>\n<p>&nbsp;<\/p>\n","protected":false},"excerpt":{"rendered":"<p>Silvana Chaves &#8211; Comunique-se A Empresa Brasil de Comunica&ccedil;&atilde;o (EBC), mantenedora da TV Brasil e de outras emissoras p&uacute;blicas, informou nesta quarta-feira (28) que ainda n&atilde;o definiu se a diretora-presidente Tereza Cruvinel, 55 anos, permanecer&aacute; no cargo, ap&oacute;s o fim de seu mandato, no final de outubro. Nesta quarta-feira (28), a coluna Radar Online, publicada &hellip; <a href=\"https:\/\/obscom.intervozes.org.br\/?p=26169\" class=\"more-link\">Continue lendo <span class=\"screen-reader-text\">EBC definir\u00e1 futura dire\u00e7\u00e3o no pr\u00f3ximo m\u00eas<\/span> <span class=\"meta-nav\">&rarr;<\/span><\/a><\/p>\n","protected":false},"author":1,"featured_media":0,"comment_status":"open","ping_status":"open","sticky":false,"template":"","format":"standard","meta":{"footnotes":""},"categories":[39],"tags":[],"_links":{"self":[{"href":"https:\/\/obscom.intervozes.org.br\/index.php?rest_route=\/wp\/v2\/posts\/26169"}],"collection":[{"href":"https:\/\/obscom.intervozes.org.br\/index.php?rest_route=\/wp\/v2\/posts"}],"about":[{"href":"https:\/\/obscom.intervozes.org.br\/index.php?rest_route=\/wp\/v2\/types\/post"}],"author":[{"embeddable":true,"href":"https:\/\/obscom.intervozes.org.br\/index.php?rest_route=\/wp\/v2\/users\/1"}],"replies":[{"embeddable":true,"href":"https:\/\/obscom.intervozes.org.br\/index.php?rest_route=%2Fwp%2Fv2%2Fcomments&post=26169"}],"version-history":[{"count":0,"href":"https:\/\/obscom.intervozes.org.br\/index.php?rest_route=\/wp\/v2\/posts\/26169\/revisions"}],"wp:attachment":[{"href":"https:\/\/obscom.intervozes.org.br\/index.php?rest_route=%2Fwp%2Fv2%2Fmedia&parent=26169"}],"wp:term":[{"taxonomy":"category","embeddable":true,"href":"https:\/\/obscom.intervozes.org.br\/index.php?rest_route=%2Fwp%2Fv2%2Fcategories&post=26169"},{"taxonomy":"post_tag","embeddable":true,"href":"https:\/\/obscom.intervozes.org.br\/index.php?rest_route=%2Fwp%2Fv2%2Ftags&post=26169"}],"curies":[{"name":"wp","href":"https:\/\/api.w.org\/{rel}","templated":true}]}}