{"id":26168,"date":"2011-09-28T13:10:11","date_gmt":"2011-09-28T13:10:11","guid":{"rendered":"https:\/\/obscom.intervozes.org.br\/wordpress\/?p=26168"},"modified":"2011-09-28T13:10:11","modified_gmt":"2011-09-28T13:10:11","slug":"empresas-de-radiodifusao-desaconselham-aprovacao-de-pl-sobre-tv-por-assinatura","status":"publish","type":"post","link":"https:\/\/obscom.intervozes.org.br\/?p=26168","title":{"rendered":"Empresas de radiodifus\u00e3o desaconselham aprova\u00e7\u00e3o de PL sobre TV por assinatura"},"content":{"rendered":"<p><span class=\"padrao\">As entidades de empresas de televis&atilde;o desaconselharam a aprova&ccedil;&atilde;o do projeto de lei (PL 66\/11) que prev&ecirc; que oito canais b&aacute;sicos, entre eles as TVs C&acirc;mara, Senado e Justi&ccedil;a, sejam obrigatoriamente exibidos pelas empresas prestadoras de servi&ccedil;os de televis&atilde;o por assinatura.<\/p>\n<p>Os empres&aacute;rios e o superintendente de Comunica&ccedil;&atilde;o de Massa da Anatel, Ara Minassian, explicaram em audi&ecirc;ncia p&uacute;blica &agrave; Comiss&atilde;o de Defesa do Consumidor que o projeto &eacute; anterior &agrave; entrada em vigor da Lei 12.485\/11, que modificou toda a legisla&ccedil;&atilde;o em vigor e unificou a regulamenta&ccedil;&atilde;o.<\/p>\n<p>De acordo com o representante da Embratel e da Associa&ccedil;&atilde;o Brasileira de Televis&atilde;o por Assinatura, Jos&eacute; Francisco de Ara&uacute;jo Lima, a lei revolucionou e racionalizou o setor, al&eacute;m de garantir 11 canais b&aacute;sicos.<\/p>\n<p><strong>Defasado<\/strong><\/p>\n<p>Segundo Jos&eacute; Francisco, o projeto &quot;&eacute; totalmente defasado e superado por uma legisla&ccedil;&atilde;o que passou quatro anos e sete meses sendo discutida aqui&rdquo;. Ele observa que &ldquo;n&atilde;o h&aacute; mais plataformas de tecnologias diferentes, o n&uacute;mero de canais obrigat&oacute;rios que abre espa&ccedil;o para o governo e mais tr&ecirc;s canais, &eacute; maior do que [o que o projeto] pleiteia&quot;.<\/p>\n<p>Por&eacute;m, para o representante do Conselho de Associados da Associa&ccedil;&atilde;o Brasileira de Radiodifusores, Walter Ceneviva, ainda h&aacute; problemas no setor que podem ser abordados em novo projeto. Entre eles, apontou o tema da Banda C, utilizada para receber os sinais dos canais de TV abertos por meio de antenas.<\/p>\n<p>De acordo com o presidente do Instituto Nacional de Defesa do Consumidor, Celso Russomano, piratas t&ecirc;m invadido o sinal para transmitir programas er&oacute;ticos e realizar vendas fraudulentas.<\/p>\n<p>Para Ceneviva, &eacute; preciso mudar regras que afetam os direitos dos consumidores, tais como &quot;a qualidade do sinal para o usu&aacute;rio e o excesso de publicidade nos canais pagos&rdquo;. Ele destaca que &ldquo;s&atilde;o todos temas muito importantes e que n&atilde;o foram bem cuidados pela nova lei do acesso condicionado&quot;.<\/p>\n<p>Relator na Comiss&atilde;o Defesa do Consumidor do projeto que trata dos canais b&aacute;sicos de TV, o deputado Otoniel Lima (PRB-SP) afirmou que pode apresentar um substitutivo que n&atilde;o trate dessa quest&atilde;o, mas que aborde tamb&eacute;m os outros problemas apontados pelos convidados da audi&ecirc;ncia.<\/span><\/p>\n","protected":false},"excerpt":{"rendered":"<p>As entidades de empresas de televis&atilde;o desaconselharam a aprova&ccedil;&atilde;o do projeto de lei (PL 66\/11) que prev&ecirc; que oito canais b&aacute;sicos, entre eles as TVs C&acirc;mara, Senado e Justi&ccedil;a, sejam obrigatoriamente exibidos pelas empresas prestadoras de servi&ccedil;os de televis&atilde;o por assinatura. Os empres&aacute;rios e o superintendente de Comunica&ccedil;&atilde;o de Massa da Anatel, Ara Minassian, explicaram &hellip; <a href=\"https:\/\/obscom.intervozes.org.br\/?p=26168\" class=\"more-link\">Continue lendo <span class=\"screen-reader-text\">Empresas de radiodifus\u00e3o desaconselham aprova\u00e7\u00e3o de PL sobre TV por assinatura<\/span> <span class=\"meta-nav\">&rarr;<\/span><\/a><\/p>\n","protected":false},"author":1,"featured_media":0,"comment_status":"open","ping_status":"open","sticky":false,"template":"","format":"standard","meta":{"footnotes":""},"categories":[40],"tags":[1581],"_links":{"self":[{"href":"https:\/\/obscom.intervozes.org.br\/index.php?rest_route=\/wp\/v2\/posts\/26168"}],"collection":[{"href":"https:\/\/obscom.intervozes.org.br\/index.php?rest_route=\/wp\/v2\/posts"}],"about":[{"href":"https:\/\/obscom.intervozes.org.br\/index.php?rest_route=\/wp\/v2\/types\/post"}],"author":[{"embeddable":true,"href":"https:\/\/obscom.intervozes.org.br\/index.php?rest_route=\/wp\/v2\/users\/1"}],"replies":[{"embeddable":true,"href":"https:\/\/obscom.intervozes.org.br\/index.php?rest_route=%2Fwp%2Fv2%2Fcomments&post=26168"}],"version-history":[{"count":0,"href":"https:\/\/obscom.intervozes.org.br\/index.php?rest_route=\/wp\/v2\/posts\/26168\/revisions"}],"wp:attachment":[{"href":"https:\/\/obscom.intervozes.org.br\/index.php?rest_route=%2Fwp%2Fv2%2Fmedia&parent=26168"}],"wp:term":[{"taxonomy":"category","embeddable":true,"href":"https:\/\/obscom.intervozes.org.br\/index.php?rest_route=%2Fwp%2Fv2%2Fcategories&post=26168"},{"taxonomy":"post_tag","embeddable":true,"href":"https:\/\/obscom.intervozes.org.br\/index.php?rest_route=%2Fwp%2Fv2%2Ftags&post=26168"}],"curies":[{"name":"wp","href":"https:\/\/api.w.org\/{rel}","templated":true}]}}