{"id":26165,"date":"2011-09-28T12:00:19","date_gmt":"2011-09-28T12:00:19","guid":{"rendered":"https:\/\/obscom.intervozes.org.br\/wordpress\/?p=26165"},"modified":"2014-09-07T03:02:14","modified_gmt":"2014-09-07T03:02:14","slug":"radio-pulga-promove-ato-contra-acoes-da-anatel","status":"publish","type":"post","link":"https:\/\/obscom.intervozes.org.br\/?p=26165","title":{"rendered":"R\u00e1dio Pulga promove ato contra a\u00e7\u00f5es da Anatel"},"content":{"rendered":"<p><span class=\"padrao\">Contra o Coronelismo Eletr&ocirc;nico e as &ldquo;remo&ccedil;&otilde;es de pessoas e vozes&rdquo;, a r&aacute;dio Pulga, emissora livre que existe h&aacute; 21 anos na Universidade Federal do Rio de Janeiro (UFRJ), far&aacute; um ato no dia 28 de setembro (quarta-feira). A movimenta&ccedil;&atilde;o se dar&aacute; em dois momentos ao longo do dia, um com in&iacute;cio ao meio-dia e outro a partir das 21h.<\/p>\n<p>Na primeira parte dos protestos, os estudantes far&atilde;o um &ldquo;panela&ccedil;o art&iacute;stico&rdquo; no Instituto de Filosofia e Ci&ecirc;ncias Sociais da Universidade Federal do Rio de Janeiro (IFCS-UFRJ). A manifesta&ccedil;&atilde;o ir&aacute; se dirigir at&eacute; o pr&eacute;dio da Anatel do Rio e, para isso, &eacute; pedido que as pessoas levem cartazes, panelas, len&ccedil;os para servirem de morda&ccedil;a e, ainda, que criem performances e fa&ccedil;am bastante barulho.<\/p>\n<p>No segundo momento ser&aacute; realizado um show de jazz, que acontece ao lado da UFRJ.<\/p>\n<p><strong>Repress&otilde;es<\/strong><\/p>\n<p>A ideia de convocar um ato surgiu depois que agentes da Anatel entraram no campus onde est&aacute; instalada a Pulga, no dia 22 deste m&ecirc;s, com a inten&ccedil;&atilde;o de apreender o transmissor da r&aacute;dio.&nbsp; Segundo relatos de estudantes, os agentes, que contaram com apoio da Pol&iacute;cia Federal depois da resist&ecirc;ncia dos alunos, n&atilde;o apresentaram autoriza&ccedil;&atilde;o para busca e apreens&atilde;o dos equipamentos, portavam apenas uma autoriza&ccedil;&atilde;o da prefeitura do campus da universidade para procurar os equipamentos da r&aacute;dio Interfer&ecirc;ncia, que sofrera a&ccedil;&atilde;o semelhante dias antes.<\/p>\n<p>O ato da Pulga tamb&eacute;m quer levantar as bandeiras contra a tentativa de apreens&atilde;o da r&aacute;dio Interfer&ecirc;ncia, no dia 20, e da r&aacute;dio Muda, no dia 15, e contra as remo&ccedil;&otilde;es e a criminaliza&ccedil;&atilde;o dos movimentos sociais; apoiar o artigo V da Constitui&ccedil;&atilde;o; e, ainda, fazer homenagem &agrave; Esmeralda Fernandes, l&iacute;der comunit&aacute;ria que faleceu dia 17 de setembro por ataque card&iacute;aco, devido ao fechamento da r&aacute;dio Verona FM, no Piau&iacute;.<\/p>\n<p>Os universit&aacute;rios criticam tamb&eacute;m o sistema ilegal de concess&otilde;es de pol&iacute;ticos e empres&aacute;rios, que &ldquo;amarra as r&aacute;dios e TVs ao apadrinhamento pol&iacute;tico&rdquo;, e o &ldquo;tradicional monop&oacute;lio das corpora&ccedil;&otilde;es de m&iacute;dia, que silencia os povos do Brasil&rdquo;.<\/p>\n<p>Para mais informa&ccedil;&otilde;es sobre o &ldquo;panela&ccedil;o&rdquo; e o show, acesse a <a href=\"http:\/\/localhost\/intervozes_direitoacomunicacao\/wordpress\/?p=18374\">agenda do nosso site<\/a>.<\/span><\/p>\n","protected":false},"excerpt":{"rendered":"<p>Ap&oacute;s repress&atilde;o promovidas por agentes da Ag&ecirc;ncia Nacional da Telecomunica&ccedil;&atilde;o estudantes pretendem mobilizar sociedade contra o&nbsp; <span class=\"padrao\">Coronelismo Eletr&ocirc;nico <\/span><\/p>\n","protected":false},"author":1,"featured_media":0,"comment_status":"open","ping_status":"open","sticky":false,"template":"","format":"standard","meta":{"footnotes":""},"categories":[40],"tags":[1560],"_links":{"self":[{"href":"https:\/\/obscom.intervozes.org.br\/index.php?rest_route=\/wp\/v2\/posts\/26165"}],"collection":[{"href":"https:\/\/obscom.intervozes.org.br\/index.php?rest_route=\/wp\/v2\/posts"}],"about":[{"href":"https:\/\/obscom.intervozes.org.br\/index.php?rest_route=\/wp\/v2\/types\/post"}],"author":[{"embeddable":true,"href":"https:\/\/obscom.intervozes.org.br\/index.php?rest_route=\/wp\/v2\/users\/1"}],"replies":[{"embeddable":true,"href":"https:\/\/obscom.intervozes.org.br\/index.php?rest_route=%2Fwp%2Fv2%2Fcomments&post=26165"}],"version-history":[{"count":1,"href":"https:\/\/obscom.intervozes.org.br\/index.php?rest_route=\/wp\/v2\/posts\/26165\/revisions"}],"predecessor-version":[{"id":28267,"href":"https:\/\/obscom.intervozes.org.br\/index.php?rest_route=\/wp\/v2\/posts\/26165\/revisions\/28267"}],"wp:attachment":[{"href":"https:\/\/obscom.intervozes.org.br\/index.php?rest_route=%2Fwp%2Fv2%2Fmedia&parent=26165"}],"wp:term":[{"taxonomy":"category","embeddable":true,"href":"https:\/\/obscom.intervozes.org.br\/index.php?rest_route=%2Fwp%2Fv2%2Fcategories&post=26165"},{"taxonomy":"post_tag","embeddable":true,"href":"https:\/\/obscom.intervozes.org.br\/index.php?rest_route=%2Fwp%2Fv2%2Ftags&post=26165"}],"curies":[{"name":"wp","href":"https:\/\/api.w.org\/{rel}","templated":true}]}}