{"id":26163,"date":"2011-09-28T11:36:20","date_gmt":"2011-09-28T11:36:20","guid":{"rendered":"https:\/\/obscom.intervozes.org.br\/wordpress\/?p=26163"},"modified":"2011-09-28T11:36:20","modified_gmt":"2011-09-28T11:36:20","slug":"tv-paga-tera-regulamentos-separados-para-distribuicao-e-conteudo","status":"publish","type":"post","link":"https:\/\/obscom.intervozes.org.br\/?p=26163","title":{"rendered":"TV paga ter\u00e1 regulamentos separados para distribui\u00e7\u00e3o e conte\u00fado"},"content":{"rendered":"<p><span class=\"padrao\"><strong>Lu&iacute;s Osvaldo Grossmann &#8211; Converg&ecirc;ncia Digital<\/strong><\/p>\n<p>A &aacute;rea t&eacute;cnica da Anatel deve concluir at&eacute; o fim desta semana a proposta de regulamenta&ccedil;&atilde;o da Lei 12.485\/2011, que modifica o mercado de TV por assinatura e abre esse setor para as teles, nos temas relacionados &agrave; distribui&ccedil;&atilde;o. Apesar de discutida em conjunto com a Ancine, cada &oacute;rg&atilde;o regulador dever&aacute; aprovar regras em sua seara.<\/p>\n<p>A expectativa na Anatel &eacute; que a regulamenta&ccedil;&atilde;o venha a ser aprovada em definitivo at&eacute; mar&ccedil;o do pr&oacute;ximo ano &ndash; ao fim, portanto, dos 180 dias previstos na Lei. Pr&oacute;ximo desse prazo, por&eacute;m, a ag&ecirc;ncia j&aacute; deve indicar aos interessados nas novas licen&ccedil;as que se manifestem.<\/p>\n<p>Uma triagem nos cerca de 1,2 mil pedidos acumulados nos &uacute;ltimos 10 anos, especialmente para TV a cabo, resultou em 700 requerimentos ainda v&aacute;lidos, mas sobre os quais as empresas dever&atilde;o se manifestar se ainda h&aacute; interesse em atuar com base nesses pedidos.<\/p>\n<p>Um dos pontos que constar&aacute; do regulamento ser&aacute; o carregamento dos canais obrigat&oacute;rios (must carry) para todas as tecnologias. Isso significa que mesmo no servi&ccedil;o prestado via sat&eacute;lite com DTH essa obriga&ccedil;&atilde;o dever&aacute; ser respeitada. &ldquo;A &uacute;nica exce&ccedil;&atilde;o dever&aacute; ser o MMDS&rdquo;, explicou o superintendente de comunica&ccedil;&atilde;o de massa da Anatel, Ara Minassian. <\/span><\/p>\n<p>&nbsp;<\/p>\n","protected":false},"excerpt":{"rendered":"<p>Lu&iacute;s Osvaldo Grossmann &#8211; Converg&ecirc;ncia Digital A &aacute;rea t&eacute;cnica da Anatel deve concluir at&eacute; o fim desta semana a proposta de regulamenta&ccedil;&atilde;o da Lei 12.485\/2011, que modifica o mercado de TV por assinatura e abre esse setor para as teles, nos temas relacionados &agrave; distribui&ccedil;&atilde;o. Apesar de discutida em conjunto com a Ancine, cada &oacute;rg&atilde;o &hellip; <a href=\"https:\/\/obscom.intervozes.org.br\/?p=26163\" class=\"more-link\">Continue lendo <span class=\"screen-reader-text\">TV paga ter\u00e1 regulamentos separados para distribui\u00e7\u00e3o e conte\u00fado<\/span> <span class=\"meta-nav\">&rarr;<\/span><\/a><\/p>\n","protected":false},"author":1,"featured_media":0,"comment_status":"open","ping_status":"open","sticky":false,"template":"","format":"standard","meta":{"footnotes":""},"categories":[39],"tags":[],"_links":{"self":[{"href":"https:\/\/obscom.intervozes.org.br\/index.php?rest_route=\/wp\/v2\/posts\/26163"}],"collection":[{"href":"https:\/\/obscom.intervozes.org.br\/index.php?rest_route=\/wp\/v2\/posts"}],"about":[{"href":"https:\/\/obscom.intervozes.org.br\/index.php?rest_route=\/wp\/v2\/types\/post"}],"author":[{"embeddable":true,"href":"https:\/\/obscom.intervozes.org.br\/index.php?rest_route=\/wp\/v2\/users\/1"}],"replies":[{"embeddable":true,"href":"https:\/\/obscom.intervozes.org.br\/index.php?rest_route=%2Fwp%2Fv2%2Fcomments&post=26163"}],"version-history":[{"count":0,"href":"https:\/\/obscom.intervozes.org.br\/index.php?rest_route=\/wp\/v2\/posts\/26163\/revisions"}],"wp:attachment":[{"href":"https:\/\/obscom.intervozes.org.br\/index.php?rest_route=%2Fwp%2Fv2%2Fmedia&parent=26163"}],"wp:term":[{"taxonomy":"category","embeddable":true,"href":"https:\/\/obscom.intervozes.org.br\/index.php?rest_route=%2Fwp%2Fv2%2Fcategories&post=26163"},{"taxonomy":"post_tag","embeddable":true,"href":"https:\/\/obscom.intervozes.org.br\/index.php?rest_route=%2Fwp%2Fv2%2Ftags&post=26163"}],"curies":[{"name":"wp","href":"https:\/\/api.w.org\/{rel}","templated":true}]}}