{"id":26162,"date":"2011-09-28T11:33:51","date_gmt":"2011-09-28T11:33:51","guid":{"rendered":"https:\/\/obscom.intervozes.org.br\/wordpress\/?p=26162"},"modified":"2011-09-28T11:33:51","modified_gmt":"2011-09-28T11:33:51","slug":"fundo-tamisa-amplia-participacao-acionaria-na-telebras","status":"publish","type":"post","link":"https:\/\/obscom.intervozes.org.br\/?p=26162","title":{"rendered":"Fundo T\u00e2misa amplia participa\u00e7\u00e3o acion\u00e1ria na Telebras"},"content":{"rendered":"<p><span class=\"padrao\">Reda&ccedil;&atilde;o &#8211; Converg&ecirc;ncia Digital<\/p>\n<p>O Fundo T&acirc;misa ampliou sua participa&ccedil;&atilde;o na Telebr&aacute;s e det&eacute;m agora quase 9% das a&ccedil;&otilde;es preferenciais da estatal. Medida teve boa receptividade no mercado e as a&ccedil;&otilde;es da companhia registraram uma alta de 10% no preg&atilde;o desta ter&ccedil;a-feira, 27\/09. O pre&ccedil;o da a&ccedil;&atilde;o chegou a R$ 11,82. O fundo tamb&eacute;m informou que possui 6,58% das a&ccedil;&otilde;es ordin&aacute;rias da empresa, ou 5.833.380 pap&eacute;is.<\/p>\n<p>Desde o an&uacute;ncio, a partir de 30 de junho, de que as principais empresas de telefonia do pa&iacute;s estavam aderindo ao PNBL &#8211; como Telef&ocirc;nica, Oi, TIM e Claro &#8211; as a&ccedil;&otilde;es preferenciais da empresa j&aacute; acumulam valoriza&ccedil;&atilde;o de 78%. Segundo o operador de renda vari&aacute;vel Luiz Roberto Monteiro, da Renascen&ccedil;a, o aumento da participa&ccedil;&atilde;o do fundo na empresa &eacute; a principal motivo para a alta do papel.<\/p>\n<p>&quot;O mercado interpreta que o fundo acredita em algo a m&eacute;dio e longo prazo na Telebr&aacute;s&quot;, afirmou.Em carta enviada &agrave; estatal, o fundo ressaltou que a opera&ccedil;&atilde;o tem como objetivo apenas a realiza&ccedil;&atilde;o de opera&ccedil;&otilde;es financeiras.<\/span><\/p>\n","protected":false},"excerpt":{"rendered":"<p>Reda&ccedil;&atilde;o &#8211; Converg&ecirc;ncia Digital O Fundo T&acirc;misa ampliou sua participa&ccedil;&atilde;o na Telebr&aacute;s e det&eacute;m agora quase 9% das a&ccedil;&otilde;es preferenciais da estatal. Medida teve boa receptividade no mercado e as a&ccedil;&otilde;es da companhia registraram uma alta de 10% no preg&atilde;o desta ter&ccedil;a-feira, 27\/09. O pre&ccedil;o da a&ccedil;&atilde;o chegou a R$ 11,82. O fundo tamb&eacute;m informou &hellip; <a href=\"https:\/\/obscom.intervozes.org.br\/?p=26162\" class=\"more-link\">Continue lendo <span class=\"screen-reader-text\">Fundo T\u00e2misa amplia participa\u00e7\u00e3o acion\u00e1ria na Telebras<\/span> <span class=\"meta-nav\">&rarr;<\/span><\/a><\/p>\n","protected":false},"author":1,"featured_media":0,"comment_status":"open","ping_status":"open","sticky":false,"template":"","format":"standard","meta":{"footnotes":""},"categories":[39],"tags":[],"_links":{"self":[{"href":"https:\/\/obscom.intervozes.org.br\/index.php?rest_route=\/wp\/v2\/posts\/26162"}],"collection":[{"href":"https:\/\/obscom.intervozes.org.br\/index.php?rest_route=\/wp\/v2\/posts"}],"about":[{"href":"https:\/\/obscom.intervozes.org.br\/index.php?rest_route=\/wp\/v2\/types\/post"}],"author":[{"embeddable":true,"href":"https:\/\/obscom.intervozes.org.br\/index.php?rest_route=\/wp\/v2\/users\/1"}],"replies":[{"embeddable":true,"href":"https:\/\/obscom.intervozes.org.br\/index.php?rest_route=%2Fwp%2Fv2%2Fcomments&post=26162"}],"version-history":[{"count":0,"href":"https:\/\/obscom.intervozes.org.br\/index.php?rest_route=\/wp\/v2\/posts\/26162\/revisions"}],"wp:attachment":[{"href":"https:\/\/obscom.intervozes.org.br\/index.php?rest_route=%2Fwp%2Fv2%2Fmedia&parent=26162"}],"wp:term":[{"taxonomy":"category","embeddable":true,"href":"https:\/\/obscom.intervozes.org.br\/index.php?rest_route=%2Fwp%2Fv2%2Fcategories&post=26162"},{"taxonomy":"post_tag","embeddable":true,"href":"https:\/\/obscom.intervozes.org.br\/index.php?rest_route=%2Fwp%2Fv2%2Ftags&post=26162"}],"curies":[{"name":"wp","href":"https:\/\/api.w.org\/{rel}","templated":true}]}}