{"id":26160,"date":"2011-09-27T15:45:33","date_gmt":"2011-09-27T15:45:33","guid":{"rendered":"https:\/\/obscom.intervozes.org.br\/wordpress\/?p=26160"},"modified":"2011-09-27T15:45:33","modified_gmt":"2011-09-27T15:45:33","slug":"novo-aviso-de-habilitacao-para-radios-comunitarias-beneficia-santa-catarina","status":"publish","type":"post","link":"https:\/\/obscom.intervozes.org.br\/?p=26160","title":{"rendered":"Novo aviso de habilita\u00e7\u00e3o para r\u00e1dios comunit\u00e1rias beneficia Santa Catarina"},"content":{"rendered":"<p><span class=\"padrao\"><strong>Reda&ccedil;&atilde;o &#8211; Minist&eacute;rio das Comunica&ccedil;&otilde;es<\/strong><\/p>\n<p>O Minist&eacute;rio das Comunica&ccedil;&otilde;es lan&ccedil;ou nesta segunda-feira (26) um novo aviso de habilita&ccedil;&atilde;o para emissoras de r&aacute;dio comunit&aacute;ria. Desta vez ser&atilde;o atendidos 25 munic&iacute;pios de Santa Catarina. As associa&ccedil;&otilde;es e funda&ccedil;&otilde;es dessas cidades que tiverem interesse em operar uma r&aacute;dio comunit&aacute;ria ter&atilde;o prazo de 45 dias, at&eacute; 10 de novembro, para se inscrever.<\/p>\n<p>De acordo com o aviso, publicado no Di&aacute;rio Oficial da Uni&atilde;o, toda a tramita&ccedil;&atilde;o dos processos ficar&aacute; sob a responsabilidade da Delegacia Regional do MiniCom em Santa Catarina. Depois da fase de instru&ccedil;&atilde;o, os processos ser&atilde;o encaminhados para a Coordena&ccedil;&atilde;o-Geral de Radiodifus&atilde;o Comunit&aacute;ria, em Bras&iacute;lia. Veja aqui a lista completa dos munic&iacute;pios beneficiados, prazos, valores de taxas e documentos que dever&atilde;o ser encaminhados para a delegacia regional.<\/p>\n<p>O aviso que contempla cidades de Santa Catarina &eacute; o oitavo do Plano Nacional de Outorgas (PNO) para Radiodifus&atilde;o Comunit&aacute;ria, lan&ccedil;ado no in&iacute;cio deste ano pelo MiniCom. At&eacute; o fim de 2011, ser&atilde;o publicados 11 avisos, que v&atilde;o contemplar 431 munic&iacute;pios em todas as regi&otilde;es do Brasil. O PNO foi implantado em mar&ccedil;o com o objetivo de universalizar o servi&ccedil;o de radiodifus&atilde;o comunit&aacute;ria.<\/span><\/p>\n","protected":false},"excerpt":{"rendered":"<p>Reda&ccedil;&atilde;o &#8211; Minist&eacute;rio das Comunica&ccedil;&otilde;es O Minist&eacute;rio das Comunica&ccedil;&otilde;es lan&ccedil;ou nesta segunda-feira (26) um novo aviso de habilita&ccedil;&atilde;o para emissoras de r&aacute;dio comunit&aacute;ria. Desta vez ser&atilde;o atendidos 25 munic&iacute;pios de Santa Catarina. As associa&ccedil;&otilde;es e funda&ccedil;&otilde;es dessas cidades que tiverem interesse em operar uma r&aacute;dio comunit&aacute;ria ter&atilde;o prazo de 45 dias, at&eacute; 10 de novembro, &hellip; <a href=\"https:\/\/obscom.intervozes.org.br\/?p=26160\" class=\"more-link\">Continue lendo <span class=\"screen-reader-text\">Novo aviso de habilita\u00e7\u00e3o para r\u00e1dios comunit\u00e1rias beneficia Santa Catarina<\/span> <span class=\"meta-nav\">&rarr;<\/span><\/a><\/p>\n","protected":false},"author":1,"featured_media":0,"comment_status":"open","ping_status":"open","sticky":false,"template":"","format":"standard","meta":{"footnotes":""},"categories":[39],"tags":[],"_links":{"self":[{"href":"https:\/\/obscom.intervozes.org.br\/index.php?rest_route=\/wp\/v2\/posts\/26160"}],"collection":[{"href":"https:\/\/obscom.intervozes.org.br\/index.php?rest_route=\/wp\/v2\/posts"}],"about":[{"href":"https:\/\/obscom.intervozes.org.br\/index.php?rest_route=\/wp\/v2\/types\/post"}],"author":[{"embeddable":true,"href":"https:\/\/obscom.intervozes.org.br\/index.php?rest_route=\/wp\/v2\/users\/1"}],"replies":[{"embeddable":true,"href":"https:\/\/obscom.intervozes.org.br\/index.php?rest_route=%2Fwp%2Fv2%2Fcomments&post=26160"}],"version-history":[{"count":0,"href":"https:\/\/obscom.intervozes.org.br\/index.php?rest_route=\/wp\/v2\/posts\/26160\/revisions"}],"wp:attachment":[{"href":"https:\/\/obscom.intervozes.org.br\/index.php?rest_route=%2Fwp%2Fv2%2Fmedia&parent=26160"}],"wp:term":[{"taxonomy":"category","embeddable":true,"href":"https:\/\/obscom.intervozes.org.br\/index.php?rest_route=%2Fwp%2Fv2%2Fcategories&post=26160"},{"taxonomy":"post_tag","embeddable":true,"href":"https:\/\/obscom.intervozes.org.br\/index.php?rest_route=%2Fwp%2Fv2%2Ftags&post=26160"}],"curies":[{"name":"wp","href":"https:\/\/api.w.org\/{rel}","templated":true}]}}