{"id":26158,"date":"2011-09-27T15:38:55","date_gmt":"2011-09-27T15:38:55","guid":{"rendered":"https:\/\/obscom.intervozes.org.br\/wordpress\/?p=26158"},"modified":"2011-09-27T15:38:55","modified_gmt":"2011-09-27T15:38:55","slug":"ministerio-das-comunicacoes-e-entidades-publicas-vao-capacitar-profissionais-de-radios-comunitarias","status":"publish","type":"post","link":"https:\/\/obscom.intervozes.org.br\/?p=26158","title":{"rendered":"Minist\u00e9rio das Comunica\u00e7\u00f5es e entidades p\u00fablicas v\u00e3o capacitar profissionais de r\u00e1dios comunit\u00e1rias"},"content":{"rendered":"<p><span class=\"padrao\">Uma iniciativa do Minist&eacute;rio das Comunica&ccedil;&otilde;es, em conjunto com entidades p&uacute;blicas de comunica&ccedil;&atilde;o, entre elas a Empresa Brasil de Comunica&ccedil;&atilde;o (EBC), e com a Associa&ccedil;&atilde;o das R&aacute;dios P&uacute;blicas do Brasil (Arpub), permitir&aacute; que comunicadores de r&aacute;dios p&uacute;blicas e comunit&aacute;rias recebam capacita&ccedil;&atilde;o profissional.<\/p>\n<p>Os acordos de coopera&ccedil;&atilde;o foram assinados hoje (26) pelo ministro das Comunica&ccedil;&otilde;es, Paulo Bernardo, pela presidenta da EBC, jornalista Tereza Cruvinel, e pelo presidente da Arpub, Mario Sartorello, no Espa&ccedil;o Cultural da EBC, em Bras&iacute;lia. Esta foi a primeira vez que Bernardo visitou as novas instala&ccedil;&otilde;es da empresa, que administra oito r&aacute;dios p&uacute;blicas, a TV Brasil e a Ag&ecirc;ncia Brasil.<\/p>\n<p>O ministro destacou que a iniciativa permitir&aacute; que a experi&ecirc;ncia acumulada pelos profissionais dos ve&iacute;culos p&uacute;blicos &ldquo;bem estruturados e com boas condi&ccedil;&otilde;es de funcionamento&rdquo; ajudem as r&aacute;dios comunit&aacute;rias, &ldquo;que t&ecirc;m car&ecirc;ncias que todos conhecemos&rdquo;.<\/p>\n<p>De acordo com o ministro, a presidenta Dilma Rousseff cobrou medidas para refor&ccedil;ar a aten&ccedil;&atilde;o do governo federal &agrave;s r&aacute;dios comunit&aacute;rias. Segundo ele, o minist&eacute;rio j&aacute; lan&ccedil;ou um plano de outorgas que dever&aacute; habilitar 500 novas r&aacute;dios comunit&aacute;rias at&eacute; o fim do ano.<\/p>\n<p>Ainda segundo o ministro, outro projeto priorit&aacute;rio do governo federal &eacute; fortalecer a EBC. &ldquo;Ouvimos [da presidenta Dilma] uma orienta&ccedil;&atilde;o clara para fortalecermos a EBC, melhorando suas condi&ccedil;&otilde;es de funcionamento e aumentando sua abrang&ecirc;ncia territorial. Isso &eacute; um projeto priorit&aacute;rio do governo.&rdquo;<\/p>\n<p><strong>Comunica&ccedil;&atilde;o p&uacute;blica<\/strong><\/p>\n<p>A presidenta da EBC disse que a ades&atilde;o &agrave; iniciativa simboliza o compromisso com a comunica&ccedil;&atilde;o p&uacute;blica. Segundo Tereza Cruvinel, a comunica&ccedil;&atilde;o p&uacute;blica envolve um vasto conjunto que &ldquo;tem feito com que hoje comece a haver equil&iacute;brio entre o que &eacute; estatal, o que &eacute; p&uacute;blico e o que &eacute; privado, cumprindo o que prev&ecirc; a Constitui&ccedil;&atilde;o Federal&rdquo;, ou seja, a complementaridade entre os tr&ecirc;s sistemas de comunica&ccedil;&atilde;o.<\/p>\n<p>A capacita&ccedil;&atilde;o dos comunicadores p&uacute;blicos e comunit&aacute;rios, acrescentou o presidente da Arpub, M&aacute;rio Sartorello, &eacute; fundamental para que &ldquo;possamos prosseguir com o processo de democratiza&ccedil;&atilde;o da comunica&ccedil;&atilde;o no pa&iacute;s&rdquo;.<\/p>\n<p>A parceria prev&ecirc;, conforme a minuta do acordo assinado com a Arpub, que o minist&eacute;rio ficar&aacute; encarregado de desenvolver, elaborar e dar apoio t&eacute;cnico aos cursos de capacita&ccedil;&atilde;o, acompanhando e avaliando os resultados. Al&eacute;m disso, organizar&aacute; as inscri&ccedil;&otilde;es dos interessados em participar dos eventos de capacita&ccedil;&atilde;o, entre outras provid&ecirc;ncias.<\/p>\n<p>As r&aacute;dios do sistema EBC promover&atilde;o oficinas de qualifica&ccedil;&atilde;o no Rio de Janeiro e em Bras&iacute;lia nas &aacute;reas de gest&atilde;o, produ&ccedil;&atilde;o de conte&uacute;do e tecnologia, informou o superintendente de R&aacute;dio da Empresa Brasil de Comunica&ccedil;&atilde;o, Orlando Guilhon.<\/p>\n<p>A Arpub ficar&aacute; respons&aacute;vel por mobilizar as r&aacute;dios p&uacute;blicas para aderir &agrave; iniciativa e formular os eventos de capacita&ccedil;&atilde;o em conjunto com o minist&eacute;rio e com as emissoras p&uacute;blicas. As a&ccedil;&otilde;es de qualifica&ccedil;&atilde;o profissional devem estar voltadas prioritariamente &agrave; diversidade cultural e &agrave; democracia.<\/p>\n<p>As primeiras entidades a aderir &agrave; iniciativa foram, al&eacute;m da EBC, o Instituto de Radiodifus&atilde;o Educativa da Bahia (Irdeb), as funda&ccedil;&otilde;es Aperip&ecirc;, de Sergipe; de Telecomunica&ccedil;&otilde;es do Par&aacute; (Funtelpa); Cultural Piratini, do Rio Grande do Sul e a Universidade Federal de S&atilde;o Carlos (Ufscar).<\/span><\/p>\n","protected":false},"excerpt":{"rendered":"<p>Uma iniciativa do Minist&eacute;rio das Comunica&ccedil;&otilde;es, em conjunto com entidades p&uacute;blicas de comunica&ccedil;&atilde;o, entre elas a Empresa Brasil de Comunica&ccedil;&atilde;o (EBC), e com a Associa&ccedil;&atilde;o das R&aacute;dios P&uacute;blicas do Brasil (Arpub), permitir&aacute; que comunicadores de r&aacute;dios p&uacute;blicas e comunit&aacute;rias recebam capacita&ccedil;&atilde;o profissional. Os acordos de coopera&ccedil;&atilde;o foram assinados hoje (26) pelo ministro das Comunica&ccedil;&otilde;es, Paulo &hellip; <a href=\"https:\/\/obscom.intervozes.org.br\/?p=26158\" class=\"more-link\">Continue lendo <span class=\"screen-reader-text\">Minist\u00e9rio das Comunica\u00e7\u00f5es e entidades p\u00fablicas v\u00e3o capacitar profissionais de r\u00e1dios comunit\u00e1rias<\/span> <span class=\"meta-nav\">&rarr;<\/span><\/a><\/p>\n","protected":false},"author":1,"featured_media":0,"comment_status":"open","ping_status":"open","sticky":false,"template":"","format":"standard","meta":{"footnotes":""},"categories":[40],"tags":[133],"_links":{"self":[{"href":"https:\/\/obscom.intervozes.org.br\/index.php?rest_route=\/wp\/v2\/posts\/26158"}],"collection":[{"href":"https:\/\/obscom.intervozes.org.br\/index.php?rest_route=\/wp\/v2\/posts"}],"about":[{"href":"https:\/\/obscom.intervozes.org.br\/index.php?rest_route=\/wp\/v2\/types\/post"}],"author":[{"embeddable":true,"href":"https:\/\/obscom.intervozes.org.br\/index.php?rest_route=\/wp\/v2\/users\/1"}],"replies":[{"embeddable":true,"href":"https:\/\/obscom.intervozes.org.br\/index.php?rest_route=%2Fwp%2Fv2%2Fcomments&post=26158"}],"version-history":[{"count":0,"href":"https:\/\/obscom.intervozes.org.br\/index.php?rest_route=\/wp\/v2\/posts\/26158\/revisions"}],"wp:attachment":[{"href":"https:\/\/obscom.intervozes.org.br\/index.php?rest_route=%2Fwp%2Fv2%2Fmedia&parent=26158"}],"wp:term":[{"taxonomy":"category","embeddable":true,"href":"https:\/\/obscom.intervozes.org.br\/index.php?rest_route=%2Fwp%2Fv2%2Fcategories&post=26158"},{"taxonomy":"post_tag","embeddable":true,"href":"https:\/\/obscom.intervozes.org.br\/index.php?rest_route=%2Fwp%2Fv2%2Ftags&post=26158"}],"curies":[{"name":"wp","href":"https:\/\/api.w.org\/{rel}","templated":true}]}}