{"id":26157,"date":"2011-09-27T15:30:07","date_gmt":"2011-09-27T15:30:07","guid":{"rendered":"https:\/\/obscom.intervozes.org.br\/wordpress\/?p=26157"},"modified":"2011-09-27T15:30:07","modified_gmt":"2011-09-27T15:30:07","slug":"comissao-de-ciencia-e-tecnologia-da-camara-criara-subcomissao-de-banda-larga","status":"publish","type":"post","link":"https:\/\/obscom.intervozes.org.br\/?p=26157","title":{"rendered":"Comiss\u00e3o de Ci\u00eancia e Tecnologia da C\u00e2mara criar\u00e1 subcomiss\u00e3o de banda larga"},"content":{"rendered":"<p><span class=\"padrao\"><strong>Helton Posseti &#8211; Pay-TV<\/strong><\/p>\n<p>O deputado Newton Lima (PT-SP) disse que o PSDB ainda n&atilde;o indicou os seus nomes para integrar a subcomiss&atilde;o, o que impede que o presidente Bruno Ara&uacute;jo agende a instala&ccedil;&atilde;o. A secretaria da CCTI informa que o presidente da comiss&atilde;o poder&aacute; indicar os nomes dos partidos que n&atilde;o o fizerem. J&aacute; houve um acordo entre os partidos para designar o deputado Newton Lima (PT-SP) como relator da subcomiss&atilde;o de banda larga. J&aacute; o presidente da subcomiss&atilde;o ser&aacute; escolhido por Bruno Ara&uacute;jo (PSDB-PE). <\/span><\/p>\n","protected":false},"excerpt":{"rendered":"<p>Helton Posseti &#8211; Pay-TV O deputado Newton Lima (PT-SP) disse que o PSDB ainda n&atilde;o indicou os seus nomes para integrar a subcomiss&atilde;o, o que impede que o presidente Bruno Ara&uacute;jo agende a instala&ccedil;&atilde;o. A secretaria da CCTI informa que o presidente da comiss&atilde;o poder&aacute; indicar os nomes dos partidos que n&atilde;o o fizerem. J&aacute; &hellip; <a href=\"https:\/\/obscom.intervozes.org.br\/?p=26157\" class=\"more-link\">Continue lendo <span class=\"screen-reader-text\">Comiss\u00e3o de Ci\u00eancia e Tecnologia da C\u00e2mara criar\u00e1 subcomiss\u00e3o de banda larga<\/span> <span class=\"meta-nav\">&rarr;<\/span><\/a><\/p>\n","protected":false},"author":1,"featured_media":0,"comment_status":"open","ping_status":"open","sticky":false,"template":"","format":"standard","meta":{"footnotes":""},"categories":[39],"tags":[],"_links":{"self":[{"href":"https:\/\/obscom.intervozes.org.br\/index.php?rest_route=\/wp\/v2\/posts\/26157"}],"collection":[{"href":"https:\/\/obscom.intervozes.org.br\/index.php?rest_route=\/wp\/v2\/posts"}],"about":[{"href":"https:\/\/obscom.intervozes.org.br\/index.php?rest_route=\/wp\/v2\/types\/post"}],"author":[{"embeddable":true,"href":"https:\/\/obscom.intervozes.org.br\/index.php?rest_route=\/wp\/v2\/users\/1"}],"replies":[{"embeddable":true,"href":"https:\/\/obscom.intervozes.org.br\/index.php?rest_route=%2Fwp%2Fv2%2Fcomments&post=26157"}],"version-history":[{"count":0,"href":"https:\/\/obscom.intervozes.org.br\/index.php?rest_route=\/wp\/v2\/posts\/26157\/revisions"}],"wp:attachment":[{"href":"https:\/\/obscom.intervozes.org.br\/index.php?rest_route=%2Fwp%2Fv2%2Fmedia&parent=26157"}],"wp:term":[{"taxonomy":"category","embeddable":true,"href":"https:\/\/obscom.intervozes.org.br\/index.php?rest_route=%2Fwp%2Fv2%2Fcategories&post=26157"},{"taxonomy":"post_tag","embeddable":true,"href":"https:\/\/obscom.intervozes.org.br\/index.php?rest_route=%2Fwp%2Fv2%2Ftags&post=26157"}],"curies":[{"name":"wp","href":"https:\/\/api.w.org\/{rel}","templated":true}]}}