{"id":26153,"date":"2011-09-26T16:48:05","date_gmt":"2011-09-26T16:48:05","guid":{"rendered":"https:\/\/obscom.intervozes.org.br\/wordpress\/?p=26153"},"modified":"2011-09-26T16:48:05","modified_gmt":"2011-09-26T16:48:05","slug":"no-sertao-da-bahia-convivencia-com-o-semiarido-e-divulgada-tambem-pelas-ondas-do-radio","status":"publish","type":"post","link":"https:\/\/obscom.intervozes.org.br\/?p=26153","title":{"rendered":"No sert\u00e3o da Bahia, Conviv\u00eancia com o Semi\u00e1rido \u00e9 divulgada tamb\u00e9m pelas ondas do r\u00e1dio"},"content":{"rendered":"<p><span class=\"padrao\">A presen&ccedil;a do r&aacute;dio na regi&atilde;o do S&atilde;o Francisco data por volta dos anos de 1950, e at&eacute; hoje &ldquo;supera a televis&atilde;o e todos os meios de comunica&ccedil;&atilde;o&rdquo;, conforme a opini&atilde;o de Gilberto Cardoso, de 33 anos, que todos os domingos sai de sua propriedade, a 13 km da sede de Cura&ccedil;&aacute; &ndash; BA, para apresentar o programa &ldquo;A voz do homem do campo&rdquo;, na R&aacute;dio Comunit&aacute;ria Cura&ccedil;&aacute; FM.<\/p>\n<p>O programa, produzido e apresentado ao vivo por Gilberto das 8h &agrave;s 9h tem o objetivo de veicular informa&ccedil;&otilde;es de interesse dos produtores e produtoras rurais, dicas que auxiliam no manejo do rebanho, na produ&ccedil;&atilde;o agr&iacute;cola, no cuidado com a caatinga, al&eacute;m de m&uacute;sicas e poesias que, segundo colaborador da r&aacute;dio, falam da regi&atilde;o, do modo de vida sertanejo e fazem as pessoas refletirem.<\/p>\n<p>Gilberto, que mora com a esposa e dois dos quatro filhos no S&iacute;tio Mirante, &aacute;rea rural de Cura&ccedil;&aacute;, faz quest&atilde;o de destacar sua atividade di&aacute;ria como produtor rural e vaqueiro, e diz que apesar do nome, o programa &eacute; voltado tamb&eacute;m para a mulher e para os meninos e meninas que vivem no campo e n&atilde;o deixam de ser protagonistas das atividades comuns &agrave; rotina da vida rural, tal como acontece em sua propriedade. &ldquo;Eu sou a voz de Seu Manel em Caxaqui, de Toinho em Mundo Novo, de meu av&ocirc; que j&aacute; faleceu&rdquo;, acredita o jovem produtor que recebe em m&eacute;dia trinta liga&ccedil;&otilde;es durante seu programa. Para ele, isso &eacute; reflexo de uma comunica&ccedil;&atilde;o que fala do povo e para o povo, atrav&eacute;s de uma linguagem popular e da divulga&ccedil;&atilde;o da proposta de Conviv&ecirc;ncia com o Semi&aacute;rido, algo que defende como necess&aacute;rio para manuten&ccedil;&atilde;o das fam&iacute;lias no campo e para qualidade de vida das mesmas.<\/p>\n<p>S&eacute;rgio Avilez, tamb&eacute;m locutor da Cura&ccedil;&aacute; FM e ouvinte ass&iacute;duo do programa, n&atilde;o cansa de elogiar o trabalho do colega e confirma que &ldquo;A voz do homem do campo &eacute; um programa did&aacute;tico. Nasci na capital, mas aprendi muito sobre o campo com o programa do Gilberto&rdquo;, relata. N&atilde;o faltam elogios tamb&eacute;m na casa de Dona Maria Alice, de 80 anos, moradora da comunidade de Primavera, a poucos quil&ocirc;metros do s&iacute;tio de Gilberto. &ldquo;Quando chega a hora do programa, a gente pode at&eacute; t&aacute; tomando caf&eacute; e p&aacute;ra pra escutar&rdquo;, conta entusiasmada D. Maria, que ao lado do irm&atilde;o Ant&ocirc;nio Freire, o &ldquo;Guil&eacute;&rdquo;, se diverte ouvindo seu radinho e sabendo as not&iacute;cias do mundo como ela mesma diz. &ldquo;Ele incentiva os produtores, ensina a desenvolver o trabalho no campo&rdquo;, diz Seu Guil&eacute;.<\/span><\/p>\n<p>&nbsp;<\/p>\n<p><strong><span class=\"padrao\">Em casa, a pr&aacute;tica da Conviv&ecirc;ncia com o Semi&aacute;rido<\/span><\/strong><\/p>\n<p>&nbsp;<\/p>\n<p><span class=\"padrao\">Depois de j&aacute; ter morado em estados como S&atilde;o Paulo e Goi&aacute;s e de ter um curr&iacute;culo cheio de experi&ecirc;ncias que v&atilde;o desde auxiliar de escrit&oacute;rio, pintor de paredes, agente de projetos ambientais, at&eacute; trabalho volunt&aacute;rio com grupo de teatro e comunidade quilombola, Gilberto diz amar o peda&ccedil;o de terra onde mora e afirma que uma de suas maiores felicidades &eacute; chegar em casa a noite e ouvir os filhos lendo uma cartilha. Ele que estudou at&eacute; o ensino m&eacute;dio, faz o poss&iacute;vel para garantir a forma&ccedil;&atilde;o dos herdeiros Gustavo, Glauco, Filipe e Gilberto Junior.<\/span><\/p>\n<p>&nbsp;<\/p>\n<p><span class=\"padrao\">Procurado pelos vizinhos para auxiliar no controle de doen&ccedil;as dos animais, dicas para melhorias das propriedades e pr&aacute;ticas de campo, Gilberto sempre compartilha o que aprende e diz j&aacute; ter participado de 50 cursos voltados para caprinovinocultura. No trabalho em fam&iacute;lia, enquanto a esposa Rejane vai para a ro&ccedil;a as crian&ccedil;as est&atilde;o na escola e os pequenos tamb&eacute;m ajudam nas tarefas cotidianas do s&iacute;tio. E &eacute; o cuidado com os caprinos, galinhas, su&iacute;nos e o carinho com os animais dom&eacute;sticos que fazem Gilberto ter a certeza de que o Semi&aacute;rido &eacute; vi&aacute;vel e que o ambiente precisa ser preservado. Um de seus sonhos &eacute; ver uma produ&ccedil;&atilde;o sem adubos qu&iacute;micos na margem do rio, por isso, em seu programa incentiva a produ&ccedil;&atilde;o org&acirc;nica, a caprinovinocultura, a import&acirc;ncia de pol&iacute;ticas que garantam isso aos produtores. &ldquo;Uso o r&aacute;dio como uma forma de fomentar essa discuss&atilde;o entre as pessoas&rdquo;, revela.<\/span><\/p>\n<p>&nbsp;<\/p>\n<p><span class=\"padrao\">Tanto em sua propriedade quanto no programa de r&aacute;dio, Gilberto diz colocar em pr&aacute;tica o que aprendeu com a vida e com as experi&ecirc;ncias de trabalho que j&aacute; teve. Entidades como o Instituto Regional da Pequena Agropecu&aacute;ria Apropriada &ndash; IRPAA, Secretarias municipais que trabalham com a tem&aacute;tica, EBDA, entre outras, tamb&eacute;m s&atilde;o consideradas como importantes parcerias e fontes de informa&ccedil;&atilde;o para &ldquo;A voz do homem do campo&rdquo;.<\/span><\/p>\n<p>&nbsp;<\/p>\n<p><strong><span class=\"padrao\">Por que uma outra Comunica&ccedil;&atilde;o para Conviv&ecirc;ncia com o Semi&aacute;rido?<\/span><\/strong><\/p>\n<p>&nbsp;<\/p>\n<p><span class=\"padrao\">No Brasil, apesar da Constitui&ccedil;&atilde;o Federal assegurar a comunica&ccedil;&atilde;o como direito, na pr&aacute;tica, h&aacute; um vis&iacute;vel monop&oacute;lio, onde os meios de comunica&ccedil;&atilde;o encontram-se concentrados nas m&atilde;os de poucas fam&iacute;lias. As r&aacute;dios comunit&aacute;rias que atuam com responsabilidade e compromisso com a comunidade, a exemplo da Cura&ccedil;&aacute; FM, s&atilde;o importantes instrumentos de mobiliza&ccedil;&atilde;o social e da express&atilde;o da pluralidade de vozes que deveria estar presentes em todos os meios de comunica&ccedil;&atilde;o.<\/span><\/p>\n<p>&nbsp;<\/p>\n<p><span class=\"padrao\">O Irpaa, ao longo dos mais de 20 anos de atua&ccedil;&atilde;o no Semi&aacute;rido, tem apostado em uma comunica&ccedil;&atilde;o que valorize as potencialidades da regi&atilde;o, as formas diversas e vi&aacute;veis de conviv&ecirc;ncia com o clima. Essa necessidade decorre da urg&ecirc;ncia em desconstruir um imagin&aacute;rio de uma regi&atilde;o seca, atrasada, onde h&aacute; muita mis&eacute;ria e as pessoas contentam-se com medidas paliativas e\/ou assistencialistas. Com o prop&oacute;sito de levar &agrave; popula&ccedil;&atilde;o informa&ccedil;&otilde;es importantes para o desenvolvimento sustent&aacute;vel do Semi&aacute;rido e tamb&eacute;m valorizar a a&ccedil;&atilde;o dos movimentos sociais, a cultura regional, o Instituto produz o programa &ldquo;Viva bem no Sert&atilde;o&rdquo;, veiculado em seis r&aacute;dios comunit&aacute;rias da Bahia e em uma do Piau&iacute;.<\/span><\/p>\n<p>&nbsp;<\/p>\n<p><span class=\"padrao\">Iniciativas como a de Gilberto Cardoso &ndash; que h&aacute; oito meses faz a alegria de muitos ouvintes da Cura&ccedil;&aacute; FM &ndash; ajudam a difundir experi&ecirc;ncias importantes que asseguram a viabilidade da Conviv&ecirc;ncia com o Semi&aacute;rido e a possibilidade de uma comunica&ccedil;&atilde;o democr&aacute;tica, voltada para os reais anseios da popula&ccedil;&atilde;o.<\/span><\/p>\n","protected":false},"excerpt":{"rendered":"<p>A presen&ccedil;a do r&aacute;dio na regi&atilde;o do S&atilde;o Francisco data por volta dos anos de 1950, e at&eacute; hoje &ldquo;supera a televis&atilde;o e todos os meios de comunica&ccedil;&atilde;o&rdquo;, conforme a opini&atilde;o de Gilberto Cardoso, de 33 anos, que todos os domingos sai de sua propriedade, a 13 km da sede de Cura&ccedil;&aacute; &ndash; BA, para &hellip; <a href=\"https:\/\/obscom.intervozes.org.br\/?p=26153\" class=\"more-link\">Continue lendo <span class=\"screen-reader-text\">No sert\u00e3o da Bahia, Conviv\u00eancia com o Semi\u00e1rido \u00e9 divulgada tamb\u00e9m pelas ondas do r\u00e1dio<\/span> <span class=\"meta-nav\">&rarr;<\/span><\/a><\/p>\n","protected":false},"author":1,"featured_media":0,"comment_status":"open","ping_status":"open","sticky":false,"template":"","format":"standard","meta":{"footnotes":""},"categories":[40],"tags":[1560],"_links":{"self":[{"href":"https:\/\/obscom.intervozes.org.br\/index.php?rest_route=\/wp\/v2\/posts\/26153"}],"collection":[{"href":"https:\/\/obscom.intervozes.org.br\/index.php?rest_route=\/wp\/v2\/posts"}],"about":[{"href":"https:\/\/obscom.intervozes.org.br\/index.php?rest_route=\/wp\/v2\/types\/post"}],"author":[{"embeddable":true,"href":"https:\/\/obscom.intervozes.org.br\/index.php?rest_route=\/wp\/v2\/users\/1"}],"replies":[{"embeddable":true,"href":"https:\/\/obscom.intervozes.org.br\/index.php?rest_route=%2Fwp%2Fv2%2Fcomments&post=26153"}],"version-history":[{"count":0,"href":"https:\/\/obscom.intervozes.org.br\/index.php?rest_route=\/wp\/v2\/posts\/26153\/revisions"}],"wp:attachment":[{"href":"https:\/\/obscom.intervozes.org.br\/index.php?rest_route=%2Fwp%2Fv2%2Fmedia&parent=26153"}],"wp:term":[{"taxonomy":"category","embeddable":true,"href":"https:\/\/obscom.intervozes.org.br\/index.php?rest_route=%2Fwp%2Fv2%2Fcategories&post=26153"},{"taxonomy":"post_tag","embeddable":true,"href":"https:\/\/obscom.intervozes.org.br\/index.php?rest_route=%2Fwp%2Fv2%2Ftags&post=26153"}],"curies":[{"name":"wp","href":"https:\/\/api.w.org\/{rel}","templated":true}]}}