{"id":26152,"date":"2011-09-26T16:23:24","date_gmt":"2011-09-26T16:23:24","guid":{"rendered":"https:\/\/obscom.intervozes.org.br\/wordpress\/?p=26152"},"modified":"2011-09-26T16:23:24","modified_gmt":"2011-09-26T16:23:24","slug":"assembleia-aprova-criacao-da-empresa-pernambuco-de-comunicacao","status":"publish","type":"post","link":"https:\/\/obscom.intervozes.org.br\/?p=26152","title":{"rendered":"Assembl\u00e9ia aprova cria\u00e7\u00e3o da Empresa Pernambuco de Comunica\u00e7\u00e3o"},"content":{"rendered":"<p><span class=\"padrao\"><em>[t&iacute;tulo original: Eduardo turbina a comunica&ccedil;&atilde;o estatal]<\/em><\/p>\n<p>Idealizada pelo governo de Pernambuco para ter abrang&ecirc;ncia nacional, a empresa p&uacute;blica de radiodifus&atilde;o denominada Empresa Pernambuco de comunica&ccedil;&atilde;o (EPC) &#8211; projeto de lei (n&ordm; 497\/2001) aprovado, na semana passada, pela Assembleia Legislativa, e que vai agora &agrave; san&ccedil;&atilde;o do governador Eduardo Campos (PSB) &#8211; ser&aacute; organizada na forma de Sociedade An&ocirc;nima (S.A.), com controle acion&aacute;rio m&iacute;nimo de 51% do Estado. Os 49% restantes ser&atilde;o colocados no mercado aberto de capitais. Herdeira da antiga estatal TV Pernambuco e do Detelpe (Departamento de Telecomunica&ccedil;&otilde;es), a EPC ter&aacute; de ser &#8211; conforme o projeto &#8211; autossustent&aacute;vel. E, na condi&ccedil;&atilde;o de empresa mista com controle estatal, est&aacute; autorizada a captar an&uacute;ncios publicit&aacute;rios.<\/p>\n<p>Como o projeto do Executivo n&atilde;o trata do or&ccedil;amento e do quadro inicial de funcion&aacute;rios, os deputados admitem que a sele&ccedil;&atilde;o que for feita para cargos e fun&ccedil;&otilde;es dever&aacute; ser regida pela Consolida&ccedil;&atilde;o das Leis Trabalhistas (CLT, que normatiza o trabalho na iniciativa privada), especificamente por se tratar de empresa de capital misto. Na oposi&ccedil;&atilde;o, todavia, deputados prometem acompanhar a constitui&ccedil;&atilde;o e instala&ccedil;&atilde;o da Empresa Pernambuco de comunica&ccedil;&atilde;o, de forma a assegurar que n&atilde;o seja aplicado dinheiro p&uacute;blico na manuten&ccedil;&atilde;o do seu funcionamento. &quot;Ela ter&aacute; de ser autossustent&aacute;vel. Se &eacute; uma S.A., n&atilde;o tem sentido que o contribuinte pague a conta&quot;, destaca o deputado oposicionista Daniel Coelho (PSDB).<\/p>\n<p>Organizada sob a forma de sociedade an&ocirc;nima de capital fechado, o artigo 7&ordm; revela que os recursos da EPC ser&atilde;o constitu&iacute;dos de receitas oriundas de v&aacute;rias fontes, entre elas, dota&ccedil;&otilde;es or&ccedil;ament&aacute;rias. Al&eacute;m disso, explora&ccedil;&atilde;o dos servi&ccedil;os de radiodifus&atilde;o, distribui&ccedil;&atilde;o de conte&uacute;do, licenciamento de marcas e produtos, apoio cultural e publicidade, patroc&iacute;nio de programas, etc.<\/p>\n<p>A EPC vai abrir-se tamb&eacute;m para recursos de incentivos de leis federais, contratos nacionais e internacionais, rendimentos de aplica&ccedil;&otilde;es financeiras e comercializa&ccedil;&atilde;o de espa&ccedil;os publicit&aacute;rios. &quot;&Eacute; um novo marco na esfera p&uacute;blica da comunica&ccedil;&atilde;o&quot;, destaca o l&iacute;der do governo, Waldemar Borges (PSB). &quot;No prazo de 24 meses, haver&aacute; uma sele&ccedil;&atilde;o p&uacute;blica para atender &agrave; necessidade de quadros, em raz&atilde;o das novas tecnologias&quot;, acrescenta o relator governista, Ricardo Costa (PTC).<\/p>\n<p>Ambiciosa em sua concep&ccedil;&atilde;o, a EPC vai nascer com a autoriza&ccedil;&atilde;o de ter unidades de produ&ccedil;&atilde;o e radiodifus&atilde;o em qualquer local do Brasil. &quot;Ela poder&aacute; ter escrit&oacute;rio de representa&ccedil;&atilde;o em cada Estado&quot;, salienta Borges. <\/span><\/p>\n<p>&nbsp;<\/p>\n","protected":false},"excerpt":{"rendered":"<p>[t&iacute;tulo original: Eduardo turbina a comunica&ccedil;&atilde;o estatal] Idealizada pelo governo de Pernambuco para ter abrang&ecirc;ncia nacional, a empresa p&uacute;blica de radiodifus&atilde;o denominada Empresa Pernambuco de comunica&ccedil;&atilde;o (EPC) &#8211; projeto de lei (n&ordm; 497\/2001) aprovado, na semana passada, pela Assembleia Legislativa, e que vai agora &agrave; san&ccedil;&atilde;o do governador Eduardo Campos (PSB) &#8211; ser&aacute; organizada na &hellip; <a href=\"https:\/\/obscom.intervozes.org.br\/?p=26152\" class=\"more-link\">Continue lendo <span class=\"screen-reader-text\">Assembl\u00e9ia aprova cria\u00e7\u00e3o da Empresa Pernambuco de Comunica\u00e7\u00e3o<\/span> <span class=\"meta-nav\">&rarr;<\/span><\/a><\/p>\n","protected":false},"author":1,"featured_media":0,"comment_status":"open","ping_status":"open","sticky":false,"template":"","format":"standard","meta":{"footnotes":""},"categories":[40],"tags":[703],"_links":{"self":[{"href":"https:\/\/obscom.intervozes.org.br\/index.php?rest_route=\/wp\/v2\/posts\/26152"}],"collection":[{"href":"https:\/\/obscom.intervozes.org.br\/index.php?rest_route=\/wp\/v2\/posts"}],"about":[{"href":"https:\/\/obscom.intervozes.org.br\/index.php?rest_route=\/wp\/v2\/types\/post"}],"author":[{"embeddable":true,"href":"https:\/\/obscom.intervozes.org.br\/index.php?rest_route=\/wp\/v2\/users\/1"}],"replies":[{"embeddable":true,"href":"https:\/\/obscom.intervozes.org.br\/index.php?rest_route=%2Fwp%2Fv2%2Fcomments&post=26152"}],"version-history":[{"count":0,"href":"https:\/\/obscom.intervozes.org.br\/index.php?rest_route=\/wp\/v2\/posts\/26152\/revisions"}],"wp:attachment":[{"href":"https:\/\/obscom.intervozes.org.br\/index.php?rest_route=%2Fwp%2Fv2%2Fmedia&parent=26152"}],"wp:term":[{"taxonomy":"category","embeddable":true,"href":"https:\/\/obscom.intervozes.org.br\/index.php?rest_route=%2Fwp%2Fv2%2Fcategories&post=26152"},{"taxonomy":"post_tag","embeddable":true,"href":"https:\/\/obscom.intervozes.org.br\/index.php?rest_route=%2Fwp%2Fv2%2Ftags&post=26152"}],"curies":[{"name":"wp","href":"https:\/\/api.w.org\/{rel}","templated":true}]}}