{"id":26151,"date":"2011-09-26T16:11:31","date_gmt":"2011-09-26T16:11:31","guid":{"rendered":"https:\/\/obscom.intervozes.org.br\/wordpress\/?p=26151"},"modified":"2011-09-26T16:11:31","modified_gmt":"2011-09-26T16:11:31","slug":"comissao-discutira-aplicacao-de-recursos-de-publicidade-do-governo","status":"publish","type":"post","link":"https:\/\/obscom.intervozes.org.br\/?p=26151","title":{"rendered":"Comiss\u00e3o discutir\u00e1 aplica\u00e7\u00e3o de recursos de publicidade do governo"},"content":{"rendered":"<p><span class=\"padrao\">A Comiss&atilde;o de Ci&ecirc;ncia, Tecnologia, Comunica&ccedil;&atilde;o e Inform&aacute;tica discutir&aacute; nesta quarta-feira (28) os crit&eacute;rios para a aplica&ccedil;&atilde;o dos recursos destinados &agrave; publicidade do governo federal. A audi&ecirc;ncia ser&aacute; realizada &agrave;s 14h30, no Plen&aacute;rio 13.<\/p>\n<p>O deputado Silas C&acirc;mara (PSC-AM), que solicitou a audi&ecirc;ncia, considera que os crit&eacute;rios atuais n&atilde;o avaliam corretamente o papel das pequenas empresas na dissemina&ccedil;&atilde;o da informa&ccedil;&atilde;o p&uacute;blica. &quot;Eu quero abrir uma discuss&atilde;o para que o governo federal possa destinar uma porcentagem dos seus recursos &agrave;s r&aacute;dios comunit&aacute;rias, &agrave;s r&aacute;dios educativas, &agrave;s pequenas emissoras regionais&rdquo;, disse. &ldquo;Com isso, quero fortalecer quem faz a verdadeira comunica&ccedil;&atilde;o, que chega ao interior mais long&iacute;nquo do Brasil e &agrave;s comunidades mais distantes&quot;, complementou.<\/p>\n<p>Segundo o deputado, o Tribunal de Contas da Uni&atilde;o (TCU) considera adequado o crit&eacute;rio adotado pelo governo de destina&ccedil;&atilde;o das verbas de publicidade de acordo com a avalia&ccedil;&atilde;o de alcance dos ve&iacute;culos de comunica&ccedil;&atilde;o. &ldquo;Isso fortalece as grandes empresas de comunica&ccedil;&atilde;o e fragiliza ainda mais as menores&rdquo;, afirma.<\/p>\n<p>Foram convidados para o debate a ministra da Secretaria de Comunica&ccedil;&atilde;o Social (Secom) da Presid&ecirc;ncia da Rep&uacute;blica, Helena Chagas, e o presidente do TCU, Benjamin Zymler.<\/p>\n<p><strong>Informa&ccedil;&otilde;es<\/strong><\/p>\n<p>A Comiss&atilde;o de Ci&ecirc;ncia e Tecnologia tamb&eacute;m enviou requerimento de informa&ccedil;&otilde;es &agrave; Secom questionando quais ag&ecirc;ncias de publicidade prestam servi&ccedil;os ao governo federal; e quais ve&iacute;culos de comunica&ccedil;&atilde;o de m&iacute;dia regional receberam recursos neste ano e quanto. Al&eacute;m disso, deputados da comiss&atilde;o querem receber a rela&ccedil;&atilde;o das personalidades p&uacute;blicas integrantes dos Poderes Legislativo, Executivo e Judici&aacute;rio que tenham, de alguma forma, participa&ccedil;&atilde;o no capital de emissoras de radiodifus&atilde;o, o nome dessas empresas e quanto recebem de publicidade oficial.<\/p>\n<p><strong>Secom<\/strong><\/p>\n<p>A Secom &eacute; o &oacute;rg&atilde;o respons&aacute;vel pelo planejamento, pelo desenvolvimento e pela execu&ccedil;&atilde;o de a&ccedil;&otilde;es de comunica&ccedil;&atilde;o realizadas com recursos or&ccedil;ament&aacute;rios alocados na Presid&ecirc;ncia da Rep&uacute;blica. Al&eacute;m disso, a secretaria &eacute; respons&aacute;vel por coordenar negocia&ccedil;&otilde;es de par&acirc;metros para compra de tempos e espa&ccedil;os publicit&aacute;rios de m&iacute;dia pelos &oacute;rg&atilde;os e entidades do Executivo; e aprovar os editais para a contrata&ccedil;&atilde;o de ag&ecirc;ncias de propaganda.<\/p>\n<p>A secretaria afirma que tem o direito assegurado pela Justi&ccedil;a de n&atilde;o divulgar os nomes dos ve&iacute;culos de comunica&ccedil;&atilde;o que recebem recursos governamentais. A Secom informa apenas que, do total de R$ 1,6 bilh&atilde;o gasto em 2010 com publicidade pelas administra&ccedil;&otilde;es direta e indireta, R$ 1 bilh&atilde;o foi gasto com televis&atilde;o; R$ 143,5 milh&otilde;es com jornais; R$ 141,3 milh&otilde;es com r&aacute;dios; R$ 126,7 milh&otilde;es com revistas; R$ 90,6 milh&otilde;es com m&iacute;dia exterior (inclui, entre outros, carros de som, placas, pain&eacute;is, TVs em aeroportos e edif&iacute;cios); R$ 60,8 milh&otilde;es com internet; R$ 10,6 milh&otilde;es com cinema; e R$ 8,5 milh&otilde;es em outdoors.<\/p>\n<p>A secretaria informa ainda que o governo federal vem buscando descentralizar e diversificar sua m&iacute;dia e est&aacute; alcan&ccedil;ando n&uacute;mero crescente de ve&iacute;culos e de munic&iacute;pios, para democratizar os investimentos. Em 2010, os recursos do governo federal com publicidade foram direcionados para 8.094 ve&iacute;culos em 2.733 munic&iacute;pios. A t&iacute;tulo de compara&ccedil;&atilde;o, em 2003, a verba publicit&aacute;ria foi direcionada para 499 ve&iacute;culos em 182 munic&iacute;pios.<\/span><\/p>\n","protected":false},"excerpt":{"rendered":"<p>A Comiss&atilde;o de Ci&ecirc;ncia, Tecnologia, Comunica&ccedil;&atilde;o e Inform&aacute;tica discutir&aacute; nesta quarta-feira (28) os crit&eacute;rios para a aplica&ccedil;&atilde;o dos recursos destinados &agrave; publicidade do governo federal. A audi&ecirc;ncia ser&aacute; realizada &agrave;s 14h30, no Plen&aacute;rio 13. O deputado Silas C&acirc;mara (PSC-AM), que solicitou a audi&ecirc;ncia, considera que os crit&eacute;rios atuais n&atilde;o avaliam corretamente o papel das pequenas &hellip; <a href=\"https:\/\/obscom.intervozes.org.br\/?p=26151\" class=\"more-link\">Continue lendo <span class=\"screen-reader-text\">Comiss\u00e3o discutir\u00e1 aplica\u00e7\u00e3o de recursos de publicidade do governo<\/span> <span class=\"meta-nav\">&rarr;<\/span><\/a><\/p>\n","protected":false},"author":1,"featured_media":0,"comment_status":"open","ping_status":"open","sticky":false,"template":"","format":"standard","meta":{"footnotes":""},"categories":[40],"tags":[1522],"_links":{"self":[{"href":"https:\/\/obscom.intervozes.org.br\/index.php?rest_route=\/wp\/v2\/posts\/26151"}],"collection":[{"href":"https:\/\/obscom.intervozes.org.br\/index.php?rest_route=\/wp\/v2\/posts"}],"about":[{"href":"https:\/\/obscom.intervozes.org.br\/index.php?rest_route=\/wp\/v2\/types\/post"}],"author":[{"embeddable":true,"href":"https:\/\/obscom.intervozes.org.br\/index.php?rest_route=\/wp\/v2\/users\/1"}],"replies":[{"embeddable":true,"href":"https:\/\/obscom.intervozes.org.br\/index.php?rest_route=%2Fwp%2Fv2%2Fcomments&post=26151"}],"version-history":[{"count":0,"href":"https:\/\/obscom.intervozes.org.br\/index.php?rest_route=\/wp\/v2\/posts\/26151\/revisions"}],"wp:attachment":[{"href":"https:\/\/obscom.intervozes.org.br\/index.php?rest_route=%2Fwp%2Fv2%2Fmedia&parent=26151"}],"wp:term":[{"taxonomy":"category","embeddable":true,"href":"https:\/\/obscom.intervozes.org.br\/index.php?rest_route=%2Fwp%2Fv2%2Fcategories&post=26151"},{"taxonomy":"post_tag","embeddable":true,"href":"https:\/\/obscom.intervozes.org.br\/index.php?rest_route=%2Fwp%2Fv2%2Ftags&post=26151"}],"curies":[{"name":"wp","href":"https:\/\/api.w.org\/{rel}","templated":true}]}}