{"id":26134,"date":"2011-09-22T14:33:38","date_gmt":"2011-09-22T14:33:38","guid":{"rendered":"https:\/\/obscom.intervozes.org.br\/wordpress\/?p=26134"},"modified":"2011-09-22T14:33:38","modified_gmt":"2011-09-22T14:33:38","slug":"cct-vai-discutir-criacao-de-tvs-comunitarias-e-regulacao-de-radios-comunitarias-em-audiencia-publica","status":"publish","type":"post","link":"https:\/\/obscom.intervozes.org.br\/?p=26134","title":{"rendered":"CCT vai discutir cria\u00e7\u00e3o de TVs comunit\u00e1rias e regula\u00e7\u00e3o de r\u00e1dios comunit\u00e1rias em audi\u00eancia p\u00fablica"},"content":{"rendered":"<p><span class=\"padrao\">A Comiss&atilde;o de Ci&ecirc;ncia, Tecnologia, Inova&ccedil;&atilde;o, Comunica&ccedil;&atilde;o e Inform&aacute;tica (CCT) vai realizar audi&ecirc;ncia p&uacute;blica, em data a ser definida, para discutir a cria&ccedil;&atilde;o do servi&ccedil;o de televis&atilde;o comunit&aacute;ria, bem como os limites de alcance da radiodifus&atilde;o comunit&aacute;ria. Requerimento com essa finalidade foi aprovado pela comiss&atilde;o nesta quarta-feira (21).<\/p>\n<p>A iniciativa do debate &eacute; dos senadores Walter Pinheiro (PT-BA) e Rodrigo Rollemberg (PSB-DF), com finalidade de instruir projetos de lei do ex-senador Renato Casagrande e do senador Dem&oacute;stenes Torres (DEM-GO) que tratam desses temas.<\/p>\n<p>A proposta de Casagrande (PLS 483\/08) altera a lei que instituiu o Servi&ccedil;o de Radiodifus&atilde;o Comunit&aacute;ria (Lei 9.612\/98) para prever tamb&eacute;m o servi&ccedil;o de TV comunit&aacute;ria. Pela proposta, o poder concedente designar&aacute;, em &acirc;mbito nacional, pelo menos dois canais de opera&ccedil;&atilde;o de servi&ccedil;o de radiodifus&atilde;o de sons e imagens, sendo um em VHF e outro em UHF. Esses canais ser&atilde;o utilizados por funda&ccedil;&otilde;es e associa&ccedil;&otilde;es comunit&aacute;rias sem fins lucrativos.<\/p>\n<p>J&aacute; o projeto de Dem&oacute;stenes (PLS 53\/09), que tamb&eacute;m modifica a Lei de Radiodifus&atilde;o Comunit&aacute;ria, prev&ecirc; que a pot&ecirc;ncia e altura m&aacute;ximas de servi&ccedil;os de radiodifus&atilde;o prestados por r&aacute;dios comunit&aacute;rias sejam definidas por regulamento, de acordo com as caracter&iacute;sticas de cada comunidade atendida. A proposta estava na pauta da reuni&atilde;o da CCT desta quarta, mas foi retirado para permitir o debate.<\/p>\n<p>Para discutir os assuntos, a comiss&atilde;o vai convidar representantes do Minist&eacute;rio das Comunica&ccedil;&otilde;es, da Ag&ecirc;ncia Nacional de Telecomunica&ccedil;&otilde;es (Anatel) e das associa&ccedil;&otilde;es dos canais e r&aacute;dios comunit&aacute;rias do pa&iacute;s.<\/p>\n<p>Na reuni&atilde;o desta quarta-feira, a CCT aprovou 18 Projetos de Decreto Legislativo que concedem a explora&ccedil;&atilde;o de servi&ccedil;o de radiodifus&atilde;o de sons e imagens em v&aacute;rias cidades brasileiras.<\/p>\n<p><strong>C&oacute;digo da Ci&ecirc;ncia<\/strong><\/p>\n<p>A CCT tamb&eacute;m vai realizar audi&ecirc;ncia p&uacute;blica para debater a proposta de cria&ccedil;&atilde;o do Novo C&oacute;digo da Ci&ecirc;ncia, conforme requerimento do senador Rodrigo Rollemberg aprovado pelo colegiado.<\/p>\n<p>Encaminhada ao presidente do Senado, Jos&eacute; Sarney, a proposta de novo c&oacute;digo foi elaborada conjuntamente pela Sociedade Brasileira para o Progresso da Ci&ecirc;ncia (SBPC); Conselho Nacional de Secret&aacute;rios Estaduais para Assuntos de CT&amp;I (Consecti); Conselho Nacional das Funda&ccedil;&otilde;es Estaduais de Amparo &agrave; Pesquisa (Confap); e Associa&ccedil;&atilde;o Nacional dos Dirigentes das Institui&ccedil;&otilde;es Federais de Ensino Superior (Andifes).<\/p>\n<p>Representantes dessas entidades devem debater o novo c&oacute;digo com os senadores em data ainda a ser definida.<\/p>\n<p><strong>Religi&atilde;o<\/strong><\/p>\n<p>J&aacute; a audi&ecirc;ncia p&uacute;blica que vai discutir a decis&atilde;o do Conselho Curador da Empresa Brasil de Comunica&ccedil;&atilde;o (EBC) de suspender a veicula&ccedil;&atilde;o de programas religiosos nos ve&iacute;culos p&uacute;blicos da empresa foi marcada para a pr&oacute;xima quinta-feira (29). O assunto ser&aacute; debatido com a diretora-presidente da EBC, Tereza Cruvinel, e a presidente do Conselho Curador da EBC, Ima C&eacute;lia Guimar&atilde;es Vieira.<\/p>\n<p>Ao propor a discuss&atilde;o, o senador Marcelo Crivella (PRB-RJ) informou que a Resolu&ccedil;&atilde;o 02\/2011 proibiu a veicula&ccedil;&atilde;o de programas religiosos nas seguintes r&aacute;dios: R&aacute;dio Nacional AM Bras&iacute;lia; R&aacute;dio Nacional FM Bras&iacute;lia; R&aacute;dio Nacional AM Rio de Janeiro; R&aacute;dio MEC AM Rio de Janeiro; Radio MEC AM Bras&iacute;lia; R&aacute;dio MEC FM Rio de Janeiro; R&aacute;dio Nacional do Alto Solim&otilde;es; R&aacute;dio Nacional da Amaz&ocirc;nia; e a Radioag&ecirc;ncia Nacional.<\/p>\n<p>Al&eacute;m das r&aacute;dios, a programa&ccedil;&atilde;o religiosa tamb&eacute;m foi vedada na TV Brasil, na NBR e na TV Brasil &#8211; Canal Integraci&oacute;n, parceria com emissoras sul-americanas.<\/span><\/p>\n","protected":false},"excerpt":{"rendered":"<p>A Comiss&atilde;o de Ci&ecirc;ncia, Tecnologia, Inova&ccedil;&atilde;o, Comunica&ccedil;&atilde;o e Inform&aacute;tica (CCT) vai realizar audi&ecirc;ncia p&uacute;blica, em data a ser definida, para discutir a cria&ccedil;&atilde;o do servi&ccedil;o de televis&atilde;o comunit&aacute;ria, bem como os limites de alcance da radiodifus&atilde;o comunit&aacute;ria. Requerimento com essa finalidade foi aprovado pela comiss&atilde;o nesta quarta-feira (21). A iniciativa do debate &eacute; dos senadores &hellip; <a href=\"https:\/\/obscom.intervozes.org.br\/?p=26134\" class=\"more-link\">Continue lendo <span class=\"screen-reader-text\">CCT vai discutir cria\u00e7\u00e3o de TVs comunit\u00e1rias e regula\u00e7\u00e3o de r\u00e1dios comunit\u00e1rias em audi\u00eancia p\u00fablica<\/span> <span class=\"meta-nav\">&rarr;<\/span><\/a><\/p>\n","protected":false},"author":1,"featured_media":0,"comment_status":"open","ping_status":"open","sticky":false,"template":"","format":"standard","meta":{"footnotes":""},"categories":[40],"tags":[230],"_links":{"self":[{"href":"https:\/\/obscom.intervozes.org.br\/index.php?rest_route=\/wp\/v2\/posts\/26134"}],"collection":[{"href":"https:\/\/obscom.intervozes.org.br\/index.php?rest_route=\/wp\/v2\/posts"}],"about":[{"href":"https:\/\/obscom.intervozes.org.br\/index.php?rest_route=\/wp\/v2\/types\/post"}],"author":[{"embeddable":true,"href":"https:\/\/obscom.intervozes.org.br\/index.php?rest_route=\/wp\/v2\/users\/1"}],"replies":[{"embeddable":true,"href":"https:\/\/obscom.intervozes.org.br\/index.php?rest_route=%2Fwp%2Fv2%2Fcomments&post=26134"}],"version-history":[{"count":0,"href":"https:\/\/obscom.intervozes.org.br\/index.php?rest_route=\/wp\/v2\/posts\/26134\/revisions"}],"wp:attachment":[{"href":"https:\/\/obscom.intervozes.org.br\/index.php?rest_route=%2Fwp%2Fv2%2Fmedia&parent=26134"}],"wp:term":[{"taxonomy":"category","embeddable":true,"href":"https:\/\/obscom.intervozes.org.br\/index.php?rest_route=%2Fwp%2Fv2%2Fcategories&post=26134"},{"taxonomy":"post_tag","embeddable":true,"href":"https:\/\/obscom.intervozes.org.br\/index.php?rest_route=%2Fwp%2Fv2%2Ftags&post=26134"}],"curies":[{"name":"wp","href":"https:\/\/api.w.org\/{rel}","templated":true}]}}