{"id":26130,"date":"2011-09-22T11:51:54","date_gmt":"2011-09-22T11:51:54","guid":{"rendered":"https:\/\/obscom.intervozes.org.br\/wordpress\/?p=26130"},"modified":"2011-09-22T11:51:54","modified_gmt":"2011-09-22T11:51:54","slug":"tve-rs-sera-pioneira-em-exibicao-de-programas-acessiveis-a-pessoas-com-deficiencia","status":"publish","type":"post","link":"https:\/\/obscom.intervozes.org.br\/?p=26130","title":{"rendered":"TVE-RS ser\u00e1 pioneira em exibi\u00e7\u00e3o de programas acess\u00edveis a pessoas com defici\u00eancia"},"content":{"rendered":"<p><span class=\"padrao\">A partir de 2012, a TVE-RS exibir&aacute; programas com audio-descri&ccedil;&atilde;o e libras. Com isso, ser&aacute; a emissora aberta pioneira no Estado em oferecer o servi&ccedil;o, que est&aacute; sendo desenvolvido gra&ccedil;as a um acordo assinado hoje entre a Funda&ccedil;&atilde;o Cultural Piratini e a Federa&ccedil;&atilde;o de Articula&ccedil;&atilde;o e Desenvolvimento de Pol&iacute;ticas P&uacute;blicas para PPDs e PPAHs no RS (FADERS), &oacute;rg&atilde;o da Secretaria de Justi&ccedil;a e Direitos Humanos.<\/p>\n<p>Al&eacute;m disso, a partir de 18 de outubro, &agrave;s 17h30min, a TVE passa a exibir o programa Fa&ccedil;a a Diferen&ccedil;a, da TV Assembleia, pioneiro nas TVs Legislativas como promotor da inclus&atilde;o, contando com acessibilidade audiovisual e produzido, editado e apresentado pela servidora cadeirante Juliana dos Santos.<\/p>\n<p>O Ato de Assinatura do Termo de Coopera&ccedil;&atilde;o T&eacute;cnica entre FADERS, TVE, Associa&ccedil;&atilde;o de Cegos do RS (ACERGS) e Federa&ccedil;&atilde;o Nacional de Educa&ccedil;&atilde;o e Integra&ccedil;&atilde;o dos Surdos RS (FENEIS) foi firmado visando &agrave; promo&ccedil;&atilde;o e desenvolvimento de a&ccedil;&otilde;es em benef&iacute;cio de pessoas com defici&ecirc;ncia, principalmente no campo da articula&ccedil;&atilde;o e desenvolvimento das pol&iacute;ticas p&uacute;blicas de acesso &agrave; comunica&ccedil;&atilde;o (&Aacute;udio-descri&ccedil;&atilde;o e Libras), a fim de garantir o cumprimento das diretrizes preconizadas na Conven&ccedil;&atilde;o da ONU que trata dos direitos da pessoa com defici&ecirc;ncia e na Lei 13.320 de 21 de dezembro de 2009.<\/p>\n<p>Para viabilizar o projeto, o Governo do Estado est&aacute; formando uma Central de Tradutores, composta por t&eacute;cnicos especializados em linguagem de sinais (libras), para surdos e deficientes auditivos, e recurso de acessibilidade para cegos e deficientes visuais (&aacute;udio-descri&ccedil;&atilde;o). Atualmente a TVE exibe o Jornal Visual, produzido pela TV Brasil, que viabiliza acessibilidade &agrave;s pessoas com defici&ecirc;ncia auditiva. O programa vai ao ar de segunda &agrave; sexta, &agrave;s 7h50min.<\/p>\n<p>De acordo com dados do IBGE de 2000, no Rio Grande do Sul existem 980.051 mil pessoas com defici&ecirc;ncia visual (9,62% da popula&ccedil;&atilde;o) e 399.155 mil pessoas com defici&ecirc;ncia auditiva (3,92% da popula&ccedil;&atilde;o), totalizando 1.379.206 milh&otilde;es de pessoas com defici&ecirc;ncia (13,54% da popula&ccedil;&atilde;o).<\/span><\/p>\n","protected":false},"excerpt":{"rendered":"<p>A partir de 2012, a TVE-RS exibir&aacute; programas com audio-descri&ccedil;&atilde;o e libras. Com isso, ser&aacute; a emissora aberta pioneira no Estado em oferecer o servi&ccedil;o, que est&aacute; sendo desenvolvido gra&ccedil;as a um acordo assinado hoje entre a Funda&ccedil;&atilde;o Cultural Piratini e a Federa&ccedil;&atilde;o de Articula&ccedil;&atilde;o e Desenvolvimento de Pol&iacute;ticas P&uacute;blicas para PPDs e PPAHs no &hellip; <a href=\"https:\/\/obscom.intervozes.org.br\/?p=26130\" class=\"more-link\">Continue lendo <span class=\"screen-reader-text\">TVE-RS ser\u00e1 pioneira em exibi\u00e7\u00e3o de programas acess\u00edveis a pessoas com defici\u00eancia<\/span> <span class=\"meta-nav\">&rarr;<\/span><\/a><\/p>\n","protected":false},"author":1,"featured_media":0,"comment_status":"open","ping_status":"open","sticky":false,"template":"","format":"standard","meta":{"footnotes":""},"categories":[40],"tags":[178],"_links":{"self":[{"href":"https:\/\/obscom.intervozes.org.br\/index.php?rest_route=\/wp\/v2\/posts\/26130"}],"collection":[{"href":"https:\/\/obscom.intervozes.org.br\/index.php?rest_route=\/wp\/v2\/posts"}],"about":[{"href":"https:\/\/obscom.intervozes.org.br\/index.php?rest_route=\/wp\/v2\/types\/post"}],"author":[{"embeddable":true,"href":"https:\/\/obscom.intervozes.org.br\/index.php?rest_route=\/wp\/v2\/users\/1"}],"replies":[{"embeddable":true,"href":"https:\/\/obscom.intervozes.org.br\/index.php?rest_route=%2Fwp%2Fv2%2Fcomments&post=26130"}],"version-history":[{"count":0,"href":"https:\/\/obscom.intervozes.org.br\/index.php?rest_route=\/wp\/v2\/posts\/26130\/revisions"}],"wp:attachment":[{"href":"https:\/\/obscom.intervozes.org.br\/index.php?rest_route=%2Fwp%2Fv2%2Fmedia&parent=26130"}],"wp:term":[{"taxonomy":"category","embeddable":true,"href":"https:\/\/obscom.intervozes.org.br\/index.php?rest_route=%2Fwp%2Fv2%2Fcategories&post=26130"},{"taxonomy":"post_tag","embeddable":true,"href":"https:\/\/obscom.intervozes.org.br\/index.php?rest_route=%2Fwp%2Fv2%2Ftags&post=26130"}],"curies":[{"name":"wp","href":"https:\/\/api.w.org\/{rel}","templated":true}]}}