{"id":26101,"date":"2011-09-13T17:38:22","date_gmt":"2011-09-13T17:38:22","guid":{"rendered":"https:\/\/obscom.intervozes.org.br\/wordpress\/?p=26101"},"modified":"2011-09-13T17:38:22","modified_gmt":"2011-09-13T17:38:22","slug":"movimentos-lancam-consulta-publica-sobre-novo-marco-regulatorio","status":"publish","type":"post","link":"https:\/\/obscom.intervozes.org.br\/?p=26101","title":{"rendered":"Movimentos lan\u00e7am consulta p\u00fablica sobre novo marco regulat\u00f3rio"},"content":{"rendered":"<p><span class=\"padrao\">Enquanto o Governo Federal n&atilde;o torna p&uacute;blica sua proposta de revis&atilde;o geral da legisla&ccedil;&atilde;o sobre a comunica&ccedil;&atilde;o eletr&ocirc;nica no pa&iacute;s, a sociedade civil vai aumentando sua mobiliza&ccedil;&atilde;o para o embate que est&aacute; por vir. Para isso, um grupo de oito organiza&ccedil;&otilde;es nacionais lan&ccedil;ou nesta segunda-feira (12) uma <a href=\"http:\/\/www.comunicacaodemocratica.org.br\/\" target=\"_blank\">consulta p&uacute;blica na internet<\/a>  com o objetivo de criar uma plataforma da sociedade para o novo marco regulat&oacute;rio.<\/p>\n<p>A plataforma proposta possui onze princ&iacute;pios e objetivos e 20 diretrizes, que v&atilde;o desde regulamenta&ccedil;&atilde;o de infraestrutura dos sinais, garantia de acesso aos servi&ccedil;os e quest&otilde;es referentes aos conte&uacute;dos veiculados. Temas como direitos autorais, direitos e deveres dos usu&aacute;rios na internet e nova lei de imprensa n&atilde;o entraram no documento porque j&aacute; est&atilde;o sendo tratados por mecanismos espec&iacute;ficos. A consulta fica aberta at&eacute; 7 de outubro e qualquer pessoa pode dar suas contribui&ccedil;&otilde;es sem necessidade de cadastro pr&eacute;vio.<\/p>\n<p>A constru&ccedil;&atilde;o do documento tem tr&ecirc;s objetivos centrais, segundo explica Jo&atilde;o Brant, integrante do Intervozes &ndash; Coletivo Brasil de Comunica&ccedil;&atilde;o Social. O primeiro deles &eacute; qualificar as propostas da sociedade civil sobre os temas. O segundo &eacute; criar mais articula&ccedil;&atilde;o e unidade nos movimentos que atuam na &aacute;rea e o terceiro, agitar a discuss&atilde;o nos estados.<\/p>\n<p>Mesmo n&atilde;o tendo esse como objetivo central, a consulta n&atilde;o deixa de ser um instrumento de press&atilde;o no governo, que est&aacute; jogando pra frente o in&iacute;cio do processo de revis&atilde;o do marco regulat&oacute;rio. &ldquo;O governo parece pouco empenhado em fazer o projeto sair&rdquo;, critica Jo&atilde;o Brant. Caso a promessa do Minist&eacute;rio das Comunica&ccedil;&otilde;es (Minicom) se cumpra, deve haver uma consulta p&uacute;blica at&eacute; dezembro sobre o assunto. Um dos problemas desse cronograma &eacute; come&ccedil;ar o debate do tema em ano eleitoral. O governo tamb&eacute;m j&aacute; sinalizou que a consulta deste ano pode ser apenas para definir os temas mais gerais que devem ser inseridos no projeto de lei.<\/p>\n<p>Os argumentos do governo para n&atilde;o ter publicizado o projeto preparado ainda no governo Lula, n&atilde;o tem convencido as organiza&ccedil;&otilde;es que v&ecirc;m travando essa batalha desde a Confer&ecirc;ncia Nacional de Comunica&ccedil;&atilde;o, em 2009. &ldquo;Esse marco regulat&oacute;rio foi para a gaveta. A sociedade tem que se manifestar e n&oacute;s estamos fazendo o que o governo n&atilde;o fez&rdquo;, endurece a psic&oacute;loga Roseli Goffman, representante do Conselho Federal de Psicologia no F&oacute;rum Nacional pela Democratiza&ccedil;&atilde;o da Comunica&ccedil;&atilde;o (FNDC).<\/p>\n<p><strong>Plataforma<\/strong><\/p>\n<p>Uma das discuss&otilde;es que deve esquentar os debates &eacute; o modelo de organiza&ccedil;&atilde;o do sistema de comunica&ccedil;&atilde;o no pa&iacute;s. As entidades defendem na plataforma que seja criado um Conselho Nacional de Comunica&ccedil;&atilde;o &ndash; j&aacute; aprovado na Confecom inclusive &ndash; e dois &oacute;rg&atilde;os reguladores subordinados a ele (um para &aacute;rea de conte&uacute;do e outro para distribui&ccedil;&atilde;o e infraestrutura). Sugere ainda que sejam criados conselhos locais para acompanhar e opinar sobre temas espec&iacute;ficos. O ministro das Comunica&ccedil;&otilde;es, Paulo Bernardo, ultimamente tem afirmado preferir apenas uma.<\/p>\n<p>Em v&aacute;rias diretrizes, a plataforma prop&otilde;e que sejam regulamentados artigos da Constitui&ccedil;&atilde;o Federal. Um deles, o 220, pro&iacute;be o oligop&oacute;lio e o monop&oacute;lio nos meios eletr&ocirc;nicos. &ldquo;&Eacute; preciso estabelecer regras que inibam qualquer forma de concentra&ccedil;&atilde;o vertical (entre diferentes atividades no mesmo servi&ccedil;o), horizontal (entre empresas que oferecem o mesmo servi&ccedil;o) e cruzada (entre diferentes meios de comunica&ccedil;&atilde;o)&rdquo;, defende o documento, que tamb&eacute;m pede a proibi&ccedil;&atilde;o de outorgas para pol&iacute;ticos, a cria&ccedil;&atilde;o de cotas para conte&uacute;dos regionais nos meios e reserva de 33% dos canais para as emissoras p&uacute;blicas, entre outras propostas.<\/p>\n<p><strong>Processo<\/strong><\/p>\n<p>Segundo as entidades que organizaram a plataforma, h&aacute; pelo menos quatro raz&otilde;es que justificam um novo marco regulat&oacute;rio para as comunica&ccedil;&otilde;es. Uma delas &eacute; a aus&ecirc;ncia de pluralidade e diversidade na m&iacute;dia atual. Outra &eacute; que a legisla&ccedil;&atilde;o brasileira no setor &eacute; arcaica e defasada. &ldquo;Al&eacute;m disso, a legisla&ccedil;&atilde;o &eacute; fragmentada, multifacetada, composta por v&aacute;rias leis que n&atilde;o dialogam umas com as outras e n&atilde;o guardam coer&ecirc;ncia entre elas. Por fim, a Constitui&ccedil;&atilde;o Federal de 1988 continua carecendo da regulamenta&ccedil;&atilde;o da maioria dos artigos dedicados &agrave; comunica&ccedil;&atilde;o (220, 221 e 223), deixando temas importantes como a restri&ccedil;&atilde;o aos monop&oacute;lios e oligop&oacute;lios e a regionaliza&ccedil;&atilde;o da produ&ccedil;&atilde;o sem nenhuma refer&ecirc;ncia legal, mesmo ap&oacute;s 23 anos de aprova&ccedil;&atilde;o&rdquo;, exp&otilde;e o documento.<\/p>\n<p>O texto da plataforma &eacute; fruto de debates acumulados ao longo das &uacute;ltimas d&eacute;cadas, em especial da Confecom, sistematizados no semin&aacute;rio Marco Regulat&oacute;rio &ndash; Propostas para uma Comunica&ccedil;&atilde;o Democr&aacute;tica, realizado pelo F&oacute;rum Nacional pela Democratiza&ccedil;&atilde;o da Comunica&ccedil;&atilde;o (FNDC) e demais entidades nacionais, em 20 e 21 de maio de 2011, no Rio de Janeiro. A vers&atilde;o consolidada deve ser lan&ccedil;ada no dia 18 de outubro, Dia Mundial da Democratiza&ccedil;&atilde;o da Comunica&ccedil;&atilde;o.<\/p>\n<p>Al&eacute;m de Intervozes, FNDC e CFP, constru&iacute;ram o processo de consulta a Associa&ccedil;&atilde;o Mundial de R&aacute;dios Comunit&aacute;rias (Amarc Brasil), Associa&ccedil;&atilde;o das R&aacute;dios P&uacute;blicas do Brasil (Arpub), Campanha pela &Eacute;tica na TV, Federa&ccedil;&atilde;o Nacional dos Jornalistas (Fenaj) e Uni&atilde;o Latina de Economia Pol&iacute;tica da Informa&ccedil;&atilde;o, da Comunica&ccedil;&atilde;o e da Cultura &ndash; Cap&iacute;tulo Brasil (Ulepicc). <\/span><\/p>\n<p>&nbsp;<\/p>\n","protected":false},"excerpt":{"rendered":"<p>A inciativa &eacute; uma resposta a falta de empenho do Minist&eacute;rio das  Comunica&ccedil;&otilde;es em abrir a consulta p&uacute;blica, programada para sair at&eacute;  dezembro deste ano<\/p>\n","protected":false},"author":1,"featured_media":0,"comment_status":"open","ping_status":"open","sticky":false,"template":"","format":"standard","meta":{"footnotes":""},"categories":[40],"tags":[137],"_links":{"self":[{"href":"https:\/\/obscom.intervozes.org.br\/index.php?rest_route=\/wp\/v2\/posts\/26101"}],"collection":[{"href":"https:\/\/obscom.intervozes.org.br\/index.php?rest_route=\/wp\/v2\/posts"}],"about":[{"href":"https:\/\/obscom.intervozes.org.br\/index.php?rest_route=\/wp\/v2\/types\/post"}],"author":[{"embeddable":true,"href":"https:\/\/obscom.intervozes.org.br\/index.php?rest_route=\/wp\/v2\/users\/1"}],"replies":[{"embeddable":true,"href":"https:\/\/obscom.intervozes.org.br\/index.php?rest_route=%2Fwp%2Fv2%2Fcomments&post=26101"}],"version-history":[{"count":0,"href":"https:\/\/obscom.intervozes.org.br\/index.php?rest_route=\/wp\/v2\/posts\/26101\/revisions"}],"wp:attachment":[{"href":"https:\/\/obscom.intervozes.org.br\/index.php?rest_route=%2Fwp%2Fv2%2Fmedia&parent=26101"}],"wp:term":[{"taxonomy":"category","embeddable":true,"href":"https:\/\/obscom.intervozes.org.br\/index.php?rest_route=%2Fwp%2Fv2%2Fcategories&post=26101"},{"taxonomy":"post_tag","embeddable":true,"href":"https:\/\/obscom.intervozes.org.br\/index.php?rest_route=%2Fwp%2Fv2%2Ftags&post=26101"}],"curies":[{"name":"wp","href":"https:\/\/api.w.org\/{rel}","templated":true}]}}